{"id":9329,"date":"2020-04-22T16:03:06","date_gmt":"2020-04-22T14:03:06","guid":{"rendered":"https:\/\/duo.cat\/?p=9329"},"modified":"2024-05-17T18:55:20","modified_gmt":"2024-05-17T16:55:20","slug":"international-earth-day","status":"publish","type":"post","link":"https:\/\/clinicapadros.com\/en\/news\/international-earth-day\/","title":{"rendered":"International Earth Day"},"content":{"rendered":"<div id=\"pl-9329\"  class=\"panel-layout\" >\n<div id=\"pg-9329-0\"  class=\"panel-grid panel-no-style\" >\n<div id=\"pgc-9329-0-0\"  class=\"panel-grid-cell\"  data-weight=\"1\" >\n<div id=\"panel-9329-0-0-0\" class=\"so-panel widget widget_sow-editor panel-first-child\" data-index=\"0\" data-style=\"{&quot;background_image_attachment&quot;:false,&quot;background_display&quot;:&quot;tile&quot;}\" >\n<div\n\t\t\t\n\t\t\tclass=\"so-widget-sow-editor so-widget-sow-editor-base\"\n\t\t\t\n\t\t><\/p>\n<div class=\"siteorigin-widget-tinymce textwidget\">\n<p>Today is the international day of the earth \ud83c\udf0d and from Cl\u00ednica Padr\u00f3s we continue betting for a future free of plastics and sustainable \ud83c\udf31.<\/p>\n<p>From now on and in order to reduce waste we will make available to our patients ecological and biodegradable Bamboo brushes.<\/p>\n<p>Happy Earth Day!<\/p>\n<\/div>\n<\/div>\n<\/div>\n<div id=\"panel-9329-0-0-1\" class=\"so-panel widget widget_sow-image panel-last-child\" data-index=\"1\" data-style=\"{&quot;background_image_attachment&quot;:false,&quot;background_display&quot;:&quot;tile&quot;,&quot;margin&quot;:&quot;0% 20% 2% 20%&quot;}\" >[siteorigin_widget class=&#8221;SiteOrigin_Widget_Image_Widget&#8221;]<input type=\"hidden\" value=\"{&quot;instance&quot;:{&quot;image&quot;:9323,&quot;image_fallback&quot;:&quot;&quot;,&quot;size&quot;:&quot;full&quot;,&quot;align&quot;:&quot;center&quot;,&quot;title_align&quot;:&quot;default&quot;,&quot;title&quot;:&quot;International Earth Day&quot;,&quot;title_position&quot;:&quot;hidden&quot;,&quot;alt&quot;:&quot;International Earth Day&quot;,&quot;url&quot;:&quot;&quot;,&quot;bound&quot;:true,&quot;enable_lightbox&quot;:true,&quot;image_set_slug&quot;:&quot;&quot;,&quot;_sow_form_id&quot;:&quot;782957905eeb74262399d737954976&quot;,&quot;_sow_form_timestamp&quot;:&quot;1592489001477&quot;,&quot;widget_logic&quot;:&quot;&quot;,&quot;new_window&quot;:false,&quot;full_width&quot;:false,&quot;disable_caption&quot;:false,&quot;so_sidebar_emulator_id&quot;:&quot;sow-image-932910001&quot;,&quot;option_name&quot;:&quot;widget_sow-image&quot;},&quot;args&quot;:{&quot;before_widget&quot;:&quot;&lt;div id=\\&quot;panel-9329-0-0-1\\&quot; class=\\&quot;so-panel widget widget_sow-image panel-last-child\\&quot; data-index=\\&quot;1\\&quot; data-style=\\&quot;{&amp;quot;background_image_attachment&amp;quot;:false,&amp;quot;background_display&amp;quot;:&amp;quot;tile&amp;quot;,&amp;quot;margin&amp;quot;:&amp;quot;0% 20% 2% 20%&amp;quot;}\\&quot; &gt;&quot;,&quot;after_widget&quot;:&quot;&lt;\\\/div&gt;&quot;,&quot;before_title&quot;:&quot;&lt;h3 class=\\&quot;widget-title\\&quot;&gt;&quot;,&quot;after_title&quot;:&quot;&lt;\\\/h3&gt;&quot;,&quot;widget_id&quot;:&quot;widget-0-0-1&quot;}}\" \/>[\/siteorigin_widget]<\/div>\n<\/div>\n<\/div>\n<\/div>\n","protected":false},"excerpt":{"rendered":"<p>Today is the international day of the earth \ud83c\udf0d and from Cl\u00ednica Padr\u00f3s we continue betting for a future free of plastics and sustainable \ud83c\udf31. From now on and in order to reduce waste we will make available to our patients ecological and biodegradable Bamboo brushes. Happy Earth Day! [siteorigin_widget class=&#8221;SiteOrigin_Widget_Image_Widget&#8221;][\/siteorigin_widget]<\/p>\n","protected":false},"author":7,"featured_media":9323,"comment_status":"open","ping_status":"closed","sticky":false,"template":"","format":"standard","meta":{"footnotes":""},"categories":[5,13],"tags":[],"class_list":["post-9329","post","type-post","status-publish","format-standard","has-post-thumbnail","hentry","category-news","category-news-home"],"yoast_head":"<!-- This site is optimized with the Yoast SEO Premium plugin v21.5 (Yoast SEO v27.3) - https:\/\/yoast.com\/product\/yoast-seo-premium-wordpress\/ -->\n<title>International Earth Day - Cl\u00ednica Dental Padr\u00f3s<\/title>\n<meta name=\"description\" content=\"Cl\u00ednica Dental Padr\u00f3s celebrates International Earth Day by offering ecological and biodegradable bamboo toothbrushes to reduce plastic waste and promote sustainability.\" \/>\n<meta name=\"robots\" content=\"index, follow, max-snippet:-1, max-image-preview:large, max-video-preview:-1\" \/>\n<link rel=\"canonical\" href=\"https:\/\/clinicapadros.com\/en\/news\/international-earth-day\/\" \/>\n<meta property=\"og:locale\" content=\"en_US\" \/>\n<meta property=\"og:type\" content=\"article\" \/>\n<meta property=\"og:title\" content=\"International Earth Day\" \/>\n<meta property=\"og:description\" content=\"Cl\u00ednica Dental Padr\u00f3s celebrates International Earth Day by offering ecological and biodegradable bamboo toothbrushes to reduce plastic waste and promote sustainability.\" \/>\n<meta property=\"og:url\" content=\"https:\/\/clinicapadros.com\/en\/news\/international-earth-day\/\" \/>\n<meta property=\"og:site_name\" content=\"Cl\u00ednica Dental Padr\u00f3s\" \/>\n<meta property=\"article:publisher\" content=\"http:\/\/www.facebook.com\/clinicapadros\" \/>\n<meta property=\"article:published_time\" content=\"2020-04-22T14:03:06+00:00\" \/>\n<meta property=\"article:modified_time\" content=\"2024-05-17T16:55:20+00:00\" \/>\n<meta property=\"og:image\" content=\"https:\/\/clinicapadros.com\/wp-content\/uploads\/2020\/06\/D\u00eda-internacional-de-la-tierra.jpg\" \/>\n\t<meta property=\"og:image:width\" content=\"1080\" \/>\n\t<meta property=\"og:image:height\" content=\"839\" \/>\n\t<meta property=\"og:image:type\" content=\"image\/jpeg\" \/>\n<meta name=\"author\" content=\"Jos\u00e9 Luis Padr\u00f3s\" \/>\n<meta name=\"twitter:card\" content=\"summary_large_image\" \/>\n<meta name=\"twitter:creator\" content=\"@clinicapadros\" \/>\n<meta name=\"twitter:site\" content=\"@clinicapadros\" \/>\n<meta name=\"twitter:label1\" content=\"Written by\" \/>\n\t<meta name=\"twitter:data1\" content=\"Jos\u00e9 Luis Padr\u00f3s\" \/>\n\t<meta name=\"twitter:label2\" content=\"Est. reading time\" \/>\n\t<meta name=\"twitter:data2\" content=\"1 minute\" \/>\n<script type=\"application\/ld+json\" class=\"yoast-schema-graph\">{\"@context\":\"https:\\\/\\\/schema.org\",\"@graph\":[{\"@type\":\"Article\",\"@id\":\"https:\\\/\\\/clinicapadros.com\\\/en\\\/news\\\/international-earth-day\\\/#article\",\"isPartOf\":{\"@id\":\"https:\\\/\\\/clinicapadros.com\\\/en\\\/news\\\/international-earth-day\\\/\"},\"author\":{\"name\":\"Jos\u00e9 Luis Padr\u00f3s\",\"@id\":\"https:\\\/\\\/clinicapadros.com\\\/en\\\/#\\\/schema\\\/person\\\/1f1727592203e6c6127e0b61bc295430\"},\"headline\":\"International Earth Day\",\"datePublished\":\"2020-04-22T14:03:06+00:00\",\"dateModified\":\"2024-05-17T16:55:20+00:00\",\"mainEntityOfPage\":{\"@id\":\"https:\\\/\\\/clinicapadros.com\\\/en\\\/news\\\/international-earth-day\\\/\"},\"wordCount\":61,\"commentCount\":0,\"publisher\":{\"@id\":\"https:\\\/\\\/clinicapadros.com\\\/en\\\/#organization\"},\"image\":{\"@id\":\"https:\\\/\\\/clinicapadros.com\\\/en\\\/news\\\/international-earth-day\\\/#primaryimage\"},\"thumbnailUrl\":\"https:\\\/\\\/clinicapadros.com\\\/wp-content\\\/uploads\\\/2020\\\/06\\\/D\u00eda-internacional-de-la-tierra.jpg\",\"articleSection\":[\"Blog\",\"News home\"],\"inLanguage\":\"en-US\",\"potentialAction\":[{\"@type\":\"CommentAction\",\"name\":\"Comment\",\"target\":[\"https:\\\/\\\/clinicapadros.com\\\/en\\\/news\\\/international-earth-day\\\/#respond\"]}]},{\"@type\":\"WebPage\",\"@id\":\"https:\\\/\\\/clinicapadros.com\\\/en\\\/news\\\/international-earth-day\\\/\",\"url\":\"https:\\\/\\\/clinicapadros.com\\\/en\\\/news\\\/international-earth-day\\\/\",\"name\":\"International Earth Day - Cl\u00ednica Dental Padr\u00f3s\",\"isPartOf\":{\"@id\":\"https:\\\/\\\/clinicapadros.com\\\/en\\\/#website\"},\"primaryImageOfPage\":{\"@id\":\"https:\\\/\\\/clinicapadros.com\\\/en\\\/news\\\/international-earth-day\\\/#primaryimage\"},\"image\":{\"@id\":\"https:\\\/\\\/clinicapadros.com\\\/en\\\/news\\\/international-earth-day\\\/#primaryimage\"},\"thumbnailUrl\":\"https:\\\/\\\/clinicapadros.com\\\/wp-content\\\/uploads\\\/2020\\\/06\\\/D\u00eda-internacional-de-la-tierra.jpg\",\"datePublished\":\"2020-04-22T14:03:06+00:00\",\"dateModified\":\"2024-05-17T16:55:20+00:00\",\"description\":\"Cl\u00ednica Dental Padr\u00f3s celebrates International Earth Day by offering ecological and biodegradable bamboo toothbrushes to reduce plastic waste and promote sustainability.\",\"breadcrumb\":{\"@id\":\"https:\\\/\\\/clinicapadros.com\\\/en\\\/news\\\/international-earth-day\\\/#breadcrumb\"},\"inLanguage\":\"en-US\",\"potentialAction\":[{\"@type\":\"ReadAction\",\"target\":[\"https:\\\/\\\/clinicapadros.com\\\/en\\\/news\\\/international-earth-day\\\/\"]}]},{\"@type\":\"ImageObject\",\"inLanguage\":\"en-US\",\"@id\":\"https:\\\/\\\/clinicapadros.com\\\/en\\\/news\\\/international-earth-day\\\/#primaryimage\",\"url\":\"https:\\\/\\\/clinicapadros.com\\\/wp-content\\\/uploads\\\/2020\\\/06\\\/D\u00eda-internacional-de-la-tierra.jpg\",\"contentUrl\":\"https:\\\/\\\/clinicapadros.com\\\/wp-content\\\/uploads\\\/2020\\\/06\\\/D\u00eda-internacional-de-la-tierra.jpg\",\"width\":1080,\"height\":839},{\"@type\":\"BreadcrumbList\",\"@id\":\"https:\\\/\\\/clinicapadros.com\\\/en\\\/news\\\/international-earth-day\\\/#breadcrumb\",\"itemListElement\":[{\"@type\":\"ListItem\",\"position\":1,\"name\":\"Home\",\"item\":\"https:\\\/\\\/clinicapadros.com\\\/en\\\/\"},{\"@type\":\"ListItem\",\"position\":2,\"name\":\"Blog\",\"item\":\"https:\\\/\\\/clinicapadros.com\\\/en\\\/news\\\/\"},{\"@type\":\"ListItem\",\"position\":3,\"name\":\"International Earth Day\"}]},{\"@type\":\"WebSite\",\"@id\":\"https:\\\/\\\/clinicapadros.com\\\/en\\\/#website\",\"url\":\"https:\\\/\\\/clinicapadros.com\\\/en\\\/\",\"name\":\"Cl\u00ednica Dental Padr\u00f3s\",\"description\":\"Buen dentista en Barcelona\",\"publisher\":{\"@id\":\"https:\\\/\\\/clinicapadros.com\\\/en\\\/#organization\"},\"potentialAction\":[{\"@type\":\"SearchAction\",\"target\":{\"@type\":\"EntryPoint\",\"urlTemplate\":\"https:\\\/\\\/clinicapadros.com\\\/en\\\/?s={search_term_string}\"},\"query-input\":{\"@type\":\"PropertyValueSpecification\",\"valueRequired\":true,\"valueName\":\"search_term_string\"}}],\"inLanguage\":\"en-US\"},{\"@type\":\"Organization\",\"@id\":\"https:\\\/\\\/clinicapadros.com\\\/en\\\/#organization\",\"name\":\"Cl\u00ednica Dental Padr\u00f3s\",\"url\":\"https:\\\/\\\/clinicapadros.com\\\/en\\\/\",\"logo\":{\"@type\":\"ImageObject\",\"inLanguage\":\"en-US\",\"@id\":\"https:\\\/\\\/clinicapadros.com\\\/en\\\/#\\\/schema\\\/logo\\\/image\\\/\",\"url\":\"https:\\\/\\\/clinicapadros.com\\\/wp-content\\\/uploads\\\/2017\\\/04\\\/logo-clinica-dental-padros.jpg\",\"contentUrl\":\"https:\\\/\\\/clinicapadros.com\\\/wp-content\\\/uploads\\\/2017\\\/04\\\/logo-clinica-dental-padros.jpg\",\"width\":365,\"height\":80,\"caption\":\"Cl\u00ednica Dental Padr\u00f3s\"},\"image\":{\"@id\":\"https:\\\/\\\/clinicapadros.com\\\/en\\\/#\\\/schema\\\/logo\\\/image\\\/\"},\"sameAs\":[\"http:\\\/\\\/www.facebook.com\\\/clinicapadros\",\"https:\\\/\\\/x.com\\\/clinicapadros\",\"https:\\\/\\\/instagram.com\\\/clinicapadros\",\"https:\\\/\\\/es.pinterest.com\\\/clinicapadros\\\/\",\"https:\\\/\\\/www.youtube.com\\\/clinicapadros\"]},{\"@type\":\"Person\",\"@id\":\"https:\\\/\\\/clinicapadros.com\\\/en\\\/#\\\/schema\\\/person\\\/1f1727592203e6c6127e0b61bc295430\",\"name\":\"Jos\u00e9 Luis Padr\u00f3s\",\"image\":{\"@type\":\"ImageObject\",\"inLanguage\":\"en-US\",\"@id\":\"https:\\\/\\\/secure.gravatar.com\\\/avatar\\\/a2319c1e449b5f5fdf77b7bf98fc41f27e362e19958dbf0d56fe90d07a7145f7?s=96&d=mm&r=g\",\"url\":\"https:\\\/\\\/secure.gravatar.com\\\/avatar\\\/a2319c1e449b5f5fdf77b7bf98fc41f27e362e19958dbf0d56fe90d07a7145f7?s=96&d=mm&r=g\",\"contentUrl\":\"https:\\\/\\\/secure.gravatar.com\\\/avatar\\\/a2319c1e449b5f5fdf77b7bf98fc41f27e362e19958dbf0d56fe90d07a7145f7?s=96&d=mm&r=g\",\"caption\":\"Jos\u00e9 Luis Padr\u00f3s\"}}]}<\/script>\n<!-- \/ Yoast SEO Premium plugin. -->","yoast_head_json":{"title":"International Earth Day - Cl\u00ednica Dental Padr\u00f3s","description":"Cl\u00ednica Dental Padr\u00f3s celebrates International Earth Day by offering ecological and biodegradable bamboo toothbrushes to reduce plastic waste and promote sustainability.","robots":{"index":"index","follow":"follow","max-snippet":"max-snippet:-1","max-image-preview":"max-image-preview:large","max-video-preview":"max-video-preview:-1"},"canonical":"https:\/\/clinicapadros.com\/en\/news\/international-earth-day\/","og_locale":"en_US","og_type":"article","og_title":"International Earth Day","og_description":"Cl\u00ednica Dental Padr\u00f3s celebrates International Earth Day by offering ecological and biodegradable bamboo toothbrushes to reduce plastic waste and promote sustainability.","og_url":"https:\/\/clinicapadros.com\/en\/news\/international-earth-day\/","og_site_name":"Cl\u00ednica Dental Padr\u00f3s","article_publisher":"http:\/\/www.facebook.com\/clinicapadros","article_published_time":"2020-04-22T14:03:06+00:00","article_modified_time":"2024-05-17T16:55:20+00:00","og_image":[{"width":1080,"height":839,"url":"https:\/\/clinicapadros.com\/wp-content\/uploads\/2020\/06\/D\u00eda-internacional-de-la-tierra.jpg","type":"image\/jpeg"}],"author":"Jos\u00e9 Luis Padr\u00f3s","twitter_card":"summary_large_image","twitter_creator":"@clinicapadros","twitter_site":"@clinicapadros","twitter_misc":{"Written by":"Jos\u00e9 Luis Padr\u00f3s","Est. reading time":"1 minute"},"schema":{"@context":"https:\/\/schema.org","@graph":[{"@type":"Article","@id":"https:\/\/clinicapadros.com\/en\/news\/international-earth-day\/#article","isPartOf":{"@id":"https:\/\/clinicapadros.com\/en\/news\/international-earth-day\/"},"author":{"name":"Jos\u00e9 Luis Padr\u00f3s","@id":"https:\/\/clinicapadros.com\/en\/#\/schema\/person\/1f1727592203e6c6127e0b61bc295430"},"headline":"International Earth Day","datePublished":"2020-04-22T14:03:06+00:00","dateModified":"2024-05-17T16:55:20+00:00","mainEntityOfPage":{"@id":"https:\/\/clinicapadros.com\/en\/news\/international-earth-day\/"},"wordCount":61,"commentCount":0,"publisher":{"@id":"https:\/\/clinicapadros.com\/en\/#organization"},"image":{"@id":"https:\/\/clinicapadros.com\/en\/news\/international-earth-day\/#primaryimage"},"thumbnailUrl":"https:\/\/clinicapadros.com\/wp-content\/uploads\/2020\/06\/D\u00eda-internacional-de-la-tierra.jpg","articleSection":["Blog","News home"],"inLanguage":"en-US","potentialAction":[{"@type":"CommentAction","name":"Comment","target":["https:\/\/clinicapadros.com\/en\/news\/international-earth-day\/#respond"]}]},{"@type":"WebPage","@id":"https:\/\/clinicapadros.com\/en\/news\/international-earth-day\/","url":"https:\/\/clinicapadros.com\/en\/news\/international-earth-day\/","name":"International Earth Day - Cl\u00ednica Dental Padr\u00f3s","isPartOf":{"@id":"https:\/\/clinicapadros.com\/en\/#website"},"primaryImageOfPage":{"@id":"https:\/\/clinicapadros.com\/en\/news\/international-earth-day\/#primaryimage"},"image":{"@id":"https:\/\/clinicapadros.com\/en\/news\/international-earth-day\/#primaryimage"},"thumbnailUrl":"https:\/\/clinicapadros.com\/wp-content\/uploads\/2020\/06\/D\u00eda-internacional-de-la-tierra.jpg","datePublished":"2020-04-22T14:03:06+00:00","dateModified":"2024-05-17T16:55:20+00:00","description":"Cl\u00ednica Dental Padr\u00f3s celebrates International Earth Day by offering ecological and biodegradable bamboo toothbrushes to reduce plastic waste and promote sustainability.","breadcrumb":{"@id":"https:\/\/clinicapadros.com\/en\/news\/international-earth-day\/#breadcrumb"},"inLanguage":"en-US","potentialAction":[{"@type":"ReadAction","target":["https:\/\/clinicapadros.com\/en\/news\/international-earth-day\/"]}]},{"@type":"ImageObject","inLanguage":"en-US","@id":"https:\/\/clinicapadros.com\/en\/news\/international-earth-day\/#primaryimage","url":"https:\/\/clinicapadros.com\/wp-content\/uploads\/2020\/06\/D\u00eda-internacional-de-la-tierra.jpg","contentUrl":"https:\/\/clinicapadros.com\/wp-content\/uploads\/2020\/06\/D\u00eda-internacional-de-la-tierra.jpg","width":1080,"height":839},{"@type":"BreadcrumbList","@id":"https:\/\/clinicapadros.com\/en\/news\/international-earth-day\/#breadcrumb","itemListElement":[{"@type":"ListItem","position":1,"name":"Home","item":"https:\/\/clinicapadros.com\/en\/"},{"@type":"ListItem","position":2,"name":"Blog","item":"https:\/\/clinicapadros.com\/en\/news\/"},{"@type":"ListItem","position":3,"name":"International Earth Day"}]},{"@type":"WebSite","@id":"https:\/\/clinicapadros.com\/en\/#website","url":"https:\/\/clinicapadros.com\/en\/","name":"Cl\u00ednica Dental Padr\u00f3s","description":"Buen dentista en Barcelona","publisher":{"@id":"https:\/\/clinicapadros.com\/en\/#organization"},"potentialAction":[{"@type":"SearchAction","target":{"@type":"EntryPoint","urlTemplate":"https:\/\/clinicapadros.com\/en\/?s={search_term_string}"},"query-input":{"@type":"PropertyValueSpecification","valueRequired":true,"valueName":"search_term_string"}}],"inLanguage":"en-US"},{"@type":"Organization","@id":"https:\/\/clinicapadros.com\/en\/#organization","name":"Cl\u00ednica Dental Padr\u00f3s","url":"https:\/\/clinicapadros.com\/en\/","logo":{"@type":"ImageObject","inLanguage":"en-US","@id":"https:\/\/clinicapadros.com\/en\/#\/schema\/logo\/image\/","url":"https:\/\/clinicapadros.com\/wp-content\/uploads\/2017\/04\/logo-clinica-dental-padros.jpg","contentUrl":"https:\/\/clinicapadros.com\/wp-content\/uploads\/2017\/04\/logo-clinica-dental-padros.jpg","width":365,"height":80,"caption":"Cl\u00ednica Dental Padr\u00f3s"},"image":{"@id":"https:\/\/clinicapadros.com\/en\/#\/schema\/logo\/image\/"},"sameAs":["http:\/\/www.facebook.com\/clinicapadros","https:\/\/x.com\/clinicapadros","https:\/\/instagram.com\/clinicapadros","https:\/\/es.pinterest.com\/clinicapadros\/","https:\/\/www.youtube.com\/clinicapadros"]},{"@type":"Person","@id":"https:\/\/clinicapadros.com\/en\/#\/schema\/person\/1f1727592203e6c6127e0b61bc295430","name":"Jos\u00e9 Luis Padr\u00f3s","image":{"@type":"ImageObject","inLanguage":"en-US","@id":"https:\/\/secure.gravatar.com\/avatar\/a2319c1e449b5f5fdf77b7bf98fc41f27e362e19958dbf0d56fe90d07a7145f7?s=96&d=mm&r=g","url":"https:\/\/secure.gravatar.com\/avatar\/a2319c1e449b5f5fdf77b7bf98fc41f27e362e19958dbf0d56fe90d07a7145f7?s=96&d=mm&r=g","contentUrl":"https:\/\/secure.gravatar.com\/avatar\/a2319c1e449b5f5fdf77b7bf98fc41f27e362e19958dbf0d56fe90d07a7145f7?s=96&d=mm&r=g","caption":"Jos\u00e9 Luis Padr\u00f3s"}}]}},"_links":{"self":[{"href":"https:\/\/clinicapadros.com\/en\/wp-json\/wp\/v2\/posts\/9329","targetHints":{"allow":["GET"]}}],"collection":[{"href":"https:\/\/clinicapadros.com\/en\/wp-json\/wp\/v2\/posts"}],"about":[{"href":"https:\/\/clinicapadros.com\/en\/wp-json\/wp\/v2\/types\/post"}],"author":[{"embeddable":true,"href":"https:\/\/clinicapadros.com\/en\/wp-json\/wp\/v2\/users\/7"}],"replies":[{"embeddable":true,"href":"https:\/\/clinicapadros.com\/en\/wp-json\/wp\/v2\/comments?post=9329"}],"version-history":[{"count":3,"href":"https:\/\/clinicapadros.com\/en\/wp-json\/wp\/v2\/posts\/9329\/revisions"}],"predecessor-version":[{"id":17528,"href":"https:\/\/clinicapadros.com\/en\/wp-json\/wp\/v2\/posts\/9329\/revisions\/17528"}],"wp:featuredmedia":[{"embeddable":true,"href":"https:\/\/clinicapadros.com\/en\/wp-json\/wp\/v2\/media\/9323"}],"wp:attachment":[{"href":"https:\/\/clinicapadros.com\/en\/wp-json\/wp\/v2\/media?parent=9329"}],"wp:term":[{"taxonomy":"category","embeddable":true,"href":"https:\/\/clinicapadros.com\/en\/wp-json\/wp\/v2\/categories?post=9329"},{"taxonomy":"post_tag","embeddable":true,"href":"https:\/\/clinicapadros.com\/en\/wp-json\/wp\/v2\/tags?post=9329"}],"curies":[{"name":"wp","href":"https:\/\/api.w.org\/{rel}","templated":true}]}}