{"id":9247,"date":"2020-03-15T15:19:00","date_gmt":"2020-03-15T13:19:00","guid":{"rendered":"https:\/\/duo.cat\/?p=9247"},"modified":"2024-05-17T17:04:25","modified_gmt":"2024-05-17T15:04:25","slug":"closure-during-confinement-covid19","status":"publish","type":"post","link":"https:\/\/clinicapadros.com\/en\/news\/closure-during-confinement-covid19\/","title":{"rendered":"Closure during confinement COVID19"},"content":{"rendered":"<div id=\"pl-9247\"  class=\"panel-layout\" >\n<div id=\"pg-9247-0\"  class=\"panel-grid panel-no-style\" >\n<div id=\"pgc-9247-0-0\"  class=\"panel-grid-cell\"  data-weight=\"1\" >\n<div id=\"panel-9247-0-0-0\" class=\"so-panel widget widget_sow-editor panel-first-child\" data-index=\"0\" data-style=\"{&quot;background_image_attachment&quot;:false,&quot;background_display&quot;:&quot;tile&quot;}\" >\n<div\n\t\t\t\n\t\t\tclass=\"so-widget-sow-editor so-widget-sow-editor-base\"\n\t\t\t\n\t\t><\/p>\n<div class=\"siteorigin-widget-tinymce textwidget\">\n<p>Due to the health emergency situation and in view of recent events, the clinic will be closed during the next two weeks, exceptionally attending emergencies.<br \/>\nWe will attend you by phone at 933 29 18 95.<\/p>\n<p>We hope that this situation will return to normal as soon as possible.<\/p>\n<\/div>\n<\/div>\n<\/div>\n<div id=\"panel-9247-0-0-1\" class=\"so-panel widget widget_sow-image panel-last-child\" data-index=\"1\" data-style=\"{&quot;background_image_attachment&quot;:false,&quot;background_display&quot;:&quot;tile&quot;,&quot;margin&quot;:&quot;0% 20% 2% 20%&quot;}\" >[siteorigin_widget class=&#8221;SiteOrigin_Widget_Image_Widget&#8221;]<input type=\"hidden\" value=\"{&quot;instance&quot;:{&quot;image&quot;:9237,&quot;image_fallback&quot;:&quot;&quot;,&quot;size&quot;:&quot;full&quot;,&quot;align&quot;:&quot;center&quot;,&quot;title_align&quot;:&quot;default&quot;,&quot;title&quot;:&quot;Closure during confinement COVID19&quot;,&quot;title_position&quot;:&quot;hidden&quot;,&quot;alt&quot;:&quot;Closure during confinement COVID19&quot;,&quot;url&quot;:&quot;&quot;,&quot;bound&quot;:true,&quot;enable_lightbox&quot;:true,&quot;image_set_slug&quot;:&quot;&quot;,&quot;_sow_form_id&quot;:&quot;2346524745eeb69f04dcb1480092229&quot;,&quot;_sow_form_timestamp&quot;:&quot;1592486387140&quot;,&quot;widget_logic&quot;:&quot;&quot;,&quot;new_window&quot;:false,&quot;full_width&quot;:false,&quot;disable_caption&quot;:false,&quot;so_sidebar_emulator_id&quot;:&quot;sow-image-924710001&quot;,&quot;option_name&quot;:&quot;widget_sow-image&quot;},&quot;args&quot;:{&quot;before_widget&quot;:&quot;&lt;div id=\\&quot;panel-9247-0-0-1\\&quot; class=\\&quot;so-panel widget widget_sow-image panel-last-child\\&quot; data-index=\\&quot;1\\&quot; data-style=\\&quot;{&amp;quot;background_image_attachment&amp;quot;:false,&amp;quot;background_display&amp;quot;:&amp;quot;tile&amp;quot;,&amp;quot;margin&amp;quot;:&amp;quot;0% 20% 2% 20%&amp;quot;}\\&quot; &gt;&quot;,&quot;after_widget&quot;:&quot;&lt;\\\/div&gt;&quot;,&quot;before_title&quot;:&quot;&lt;h3 class=\\&quot;widget-title\\&quot;&gt;&quot;,&quot;after_title&quot;:&quot;&lt;\\\/h3&gt;&quot;,&quot;widget_id&quot;:&quot;widget-0-0-1&quot;}}\" \/>[\/siteorigin_widget]<\/div>\n<\/div>\n<\/div>\n<\/div>\n","protected":false},"excerpt":{"rendered":"<p>Due to the health emergency situation and in view of recent events, the clinic will be closed during the next two weeks, exceptionally attending emergencies. We will attend you by phone at 933 29 18 95. We hope that this situation will return to normal as soon as possible. [siteorigin_widget class=&#8221;SiteOrigin_Widget_Image_Widget&#8221;][\/siteorigin_widget]<\/p>\n","protected":false},"author":7,"featured_media":9237,"comment_status":"open","ping_status":"closed","sticky":false,"template":"","format":"standard","meta":{"footnotes":""},"categories":[5,13],"tags":[],"class_list":["post-9247","post","type-post","status-publish","format-standard","has-post-thumbnail","hentry","category-news","category-news-home"],"yoast_head":"<!-- This site is optimized with the Yoast SEO Premium plugin v21.5 (Yoast SEO v27.3) - https:\/\/yoast.com\/product\/yoast-seo-premium-wordpress\/ -->\n<title>Closure during confinement COVID19 - Cl\u00ednica Dental Padr\u00f3s<\/title>\n<meta name=\"description\" content=\"Cl\u00ednica Dental Padr\u00f3s is temporarily closed during the COVID-19 confinement but will handle emergencies. For assistance, call 933 29 18 95.\" \/>\n<meta name=\"robots\" content=\"index, follow, max-snippet:-1, max-image-preview:large, max-video-preview:-1\" \/>\n<link rel=\"canonical\" href=\"https:\/\/clinicapadros.com\/en\/news\/closure-during-confinement-covid19\/\" \/>\n<meta property=\"og:locale\" content=\"en_US\" \/>\n<meta property=\"og:type\" content=\"article\" \/>\n<meta property=\"og:title\" content=\"Closure during confinement COVID19\" \/>\n<meta property=\"og:description\" content=\"Cl\u00ednica Dental Padr\u00f3s is temporarily closed during the COVID-19 confinement but will handle emergencies. For assistance, call 933 29 18 95.\" \/>\n<meta property=\"og:url\" content=\"https:\/\/clinicapadros.com\/en\/news\/closure-during-confinement-covid19\/\" \/>\n<meta property=\"og:site_name\" content=\"Cl\u00ednica Dental Padr\u00f3s\" \/>\n<meta property=\"article:publisher\" content=\"http:\/\/www.facebook.com\/clinicapadros\" \/>\n<meta property=\"article:published_time\" content=\"2020-03-15T13:19:00+00:00\" \/>\n<meta property=\"article:modified_time\" content=\"2024-05-17T15:04:25+00:00\" \/>\n<meta property=\"og:image\" content=\"https:\/\/clinicapadros.com\/wp-content\/uploads\/2020\/06\/Cierrer-durante-confinamiento-COVID19.jpg\" \/>\n\t<meta property=\"og:image:width\" content=\"1080\" \/>\n\t<meta property=\"og:image:height\" content=\"595\" \/>\n\t<meta property=\"og:image:type\" content=\"image\/jpeg\" \/>\n<meta name=\"author\" content=\"Jos\u00e9 Luis Padr\u00f3s\" \/>\n<meta name=\"twitter:card\" content=\"summary_large_image\" \/>\n<meta name=\"twitter:creator\" content=\"@clinicapadros\" \/>\n<meta name=\"twitter:site\" content=\"@clinicapadros\" \/>\n<meta name=\"twitter:label1\" content=\"Written by\" \/>\n\t<meta name=\"twitter:data1\" content=\"Jos\u00e9 Luis Padr\u00f3s\" \/>\n\t<meta name=\"twitter:label2\" content=\"Est. reading time\" \/>\n\t<meta name=\"twitter:data2\" content=\"1 minute\" \/>\n<script type=\"application\/ld+json\" class=\"yoast-schema-graph\">{\"@context\":\"https:\\\/\\\/schema.org\",\"@graph\":[{\"@type\":\"Article\",\"@id\":\"https:\\\/\\\/clinicapadros.com\\\/en\\\/news\\\/closure-during-confinement-covid19\\\/#article\",\"isPartOf\":{\"@id\":\"https:\\\/\\\/clinicapadros.com\\\/en\\\/news\\\/closure-during-confinement-covid19\\\/\"},\"author\":{\"name\":\"Jos\u00e9 Luis Padr\u00f3s\",\"@id\":\"https:\\\/\\\/clinicapadros.com\\\/en\\\/#\\\/schema\\\/person\\\/1f1727592203e6c6127e0b61bc295430\"},\"headline\":\"Closure during confinement COVID19\",\"datePublished\":\"2020-03-15T13:19:00+00:00\",\"dateModified\":\"2024-05-17T15:04:25+00:00\",\"mainEntityOfPage\":{\"@id\":\"https:\\\/\\\/clinicapadros.com\\\/en\\\/news\\\/closure-during-confinement-covid19\\\/\"},\"wordCount\":58,\"commentCount\":0,\"publisher\":{\"@id\":\"https:\\\/\\\/clinicapadros.com\\\/en\\\/#organization\"},\"image\":{\"@id\":\"https:\\\/\\\/clinicapadros.com\\\/en\\\/news\\\/closure-during-confinement-covid19\\\/#primaryimage\"},\"thumbnailUrl\":\"https:\\\/\\\/clinicapadros.com\\\/wp-content\\\/uploads\\\/2020\\\/06\\\/Cierrer-durante-confinamiento-COVID19.jpg\",\"articleSection\":[\"Blog\",\"News home\"],\"inLanguage\":\"en-US\",\"potentialAction\":[{\"@type\":\"CommentAction\",\"name\":\"Comment\",\"target\":[\"https:\\\/\\\/clinicapadros.com\\\/en\\\/news\\\/closure-during-confinement-covid19\\\/#respond\"]}]},{\"@type\":\"WebPage\",\"@id\":\"https:\\\/\\\/clinicapadros.com\\\/en\\\/news\\\/closure-during-confinement-covid19\\\/\",\"url\":\"https:\\\/\\\/clinicapadros.com\\\/en\\\/news\\\/closure-during-confinement-covid19\\\/\",\"name\":\"Closure during confinement COVID19 - Cl\u00ednica Dental Padr\u00f3s\",\"isPartOf\":{\"@id\":\"https:\\\/\\\/clinicapadros.com\\\/en\\\/#website\"},\"primaryImageOfPage\":{\"@id\":\"https:\\\/\\\/clinicapadros.com\\\/en\\\/news\\\/closure-during-confinement-covid19\\\/#primaryimage\"},\"image\":{\"@id\":\"https:\\\/\\\/clinicapadros.com\\\/en\\\/news\\\/closure-during-confinement-covid19\\\/#primaryimage\"},\"thumbnailUrl\":\"https:\\\/\\\/clinicapadros.com\\\/wp-content\\\/uploads\\\/2020\\\/06\\\/Cierrer-durante-confinamiento-COVID19.jpg\",\"datePublished\":\"2020-03-15T13:19:00+00:00\",\"dateModified\":\"2024-05-17T15:04:25+00:00\",\"description\":\"Cl\u00ednica Dental Padr\u00f3s is temporarily closed during the COVID-19 confinement but will handle emergencies. For assistance, call 933 29 18 95.\",\"breadcrumb\":{\"@id\":\"https:\\\/\\\/clinicapadros.com\\\/en\\\/news\\\/closure-during-confinement-covid19\\\/#breadcrumb\"},\"inLanguage\":\"en-US\",\"potentialAction\":[{\"@type\":\"ReadAction\",\"target\":[\"https:\\\/\\\/clinicapadros.com\\\/en\\\/news\\\/closure-during-confinement-covid19\\\/\"]}]},{\"@type\":\"ImageObject\",\"inLanguage\":\"en-US\",\"@id\":\"https:\\\/\\\/clinicapadros.com\\\/en\\\/news\\\/closure-during-confinement-covid19\\\/#primaryimage\",\"url\":\"https:\\\/\\\/clinicapadros.com\\\/wp-content\\\/uploads\\\/2020\\\/06\\\/Cierrer-durante-confinamiento-COVID19.jpg\",\"contentUrl\":\"https:\\\/\\\/clinicapadros.com\\\/wp-content\\\/uploads\\\/2020\\\/06\\\/Cierrer-durante-confinamiento-COVID19.jpg\",\"width\":1080,\"height\":595},{\"@type\":\"BreadcrumbList\",\"@id\":\"https:\\\/\\\/clinicapadros.com\\\/en\\\/news\\\/closure-during-confinement-covid19\\\/#breadcrumb\",\"itemListElement\":[{\"@type\":\"ListItem\",\"position\":1,\"name\":\"Home\",\"item\":\"https:\\\/\\\/clinicapadros.com\\\/en\\\/\"},{\"@type\":\"ListItem\",\"position\":2,\"name\":\"Blog\",\"item\":\"https:\\\/\\\/clinicapadros.com\\\/en\\\/news\\\/\"},{\"@type\":\"ListItem\",\"position\":3,\"name\":\"Closure during confinement COVID19\"}]},{\"@type\":\"WebSite\",\"@id\":\"https:\\\/\\\/clinicapadros.com\\\/en\\\/#website\",\"url\":\"https:\\\/\\\/clinicapadros.com\\\/en\\\/\",\"name\":\"Cl\u00ednica Dental Padr\u00f3s\",\"description\":\"Buen dentista en Barcelona\",\"publisher\":{\"@id\":\"https:\\\/\\\/clinicapadros.com\\\/en\\\/#organization\"},\"potentialAction\":[{\"@type\":\"SearchAction\",\"target\":{\"@type\":\"EntryPoint\",\"urlTemplate\":\"https:\\\/\\\/clinicapadros.com\\\/en\\\/?s={search_term_string}\"},\"query-input\":{\"@type\":\"PropertyValueSpecification\",\"valueRequired\":true,\"valueName\":\"search_term_string\"}}],\"inLanguage\":\"en-US\"},{\"@type\":\"Organization\",\"@id\":\"https:\\\/\\\/clinicapadros.com\\\/en\\\/#organization\",\"name\":\"Cl\u00ednica Dental Padr\u00f3s\",\"url\":\"https:\\\/\\\/clinicapadros.com\\\/en\\\/\",\"logo\":{\"@type\":\"ImageObject\",\"inLanguage\":\"en-US\",\"@id\":\"https:\\\/\\\/clinicapadros.com\\\/en\\\/#\\\/schema\\\/logo\\\/image\\\/\",\"url\":\"https:\\\/\\\/clinicapadros.com\\\/wp-content\\\/uploads\\\/2017\\\/04\\\/logo-clinica-dental-padros.jpg\",\"contentUrl\":\"https:\\\/\\\/clinicapadros.com\\\/wp-content\\\/uploads\\\/2017\\\/04\\\/logo-clinica-dental-padros.jpg\",\"width\":365,\"height\":80,\"caption\":\"Cl\u00ednica Dental Padr\u00f3s\"},\"image\":{\"@id\":\"https:\\\/\\\/clinicapadros.com\\\/en\\\/#\\\/schema\\\/logo\\\/image\\\/\"},\"sameAs\":[\"http:\\\/\\\/www.facebook.com\\\/clinicapadros\",\"https:\\\/\\\/x.com\\\/clinicapadros\",\"https:\\\/\\\/instagram.com\\\/clinicapadros\",\"https:\\\/\\\/es.pinterest.com\\\/clinicapadros\\\/\",\"https:\\\/\\\/www.youtube.com\\\/clinicapadros\"]},{\"@type\":\"Person\",\"@id\":\"https:\\\/\\\/clinicapadros.com\\\/en\\\/#\\\/schema\\\/person\\\/1f1727592203e6c6127e0b61bc295430\",\"name\":\"Jos\u00e9 Luis Padr\u00f3s\",\"image\":{\"@type\":\"ImageObject\",\"inLanguage\":\"en-US\",\"@id\":\"https:\\\/\\\/secure.gravatar.com\\\/avatar\\\/a2319c1e449b5f5fdf77b7bf98fc41f27e362e19958dbf0d56fe90d07a7145f7?s=96&d=mm&r=g\",\"url\":\"https:\\\/\\\/secure.gravatar.com\\\/avatar\\\/a2319c1e449b5f5fdf77b7bf98fc41f27e362e19958dbf0d56fe90d07a7145f7?s=96&d=mm&r=g\",\"contentUrl\":\"https:\\\/\\\/secure.gravatar.com\\\/avatar\\\/a2319c1e449b5f5fdf77b7bf98fc41f27e362e19958dbf0d56fe90d07a7145f7?s=96&d=mm&r=g\",\"caption\":\"Jos\u00e9 Luis Padr\u00f3s\"}}]}<\/script>\n<!-- \/ Yoast SEO Premium plugin. -->","yoast_head_json":{"title":"Closure during confinement COVID19 - Cl\u00ednica Dental Padr\u00f3s","description":"Cl\u00ednica Dental Padr\u00f3s is temporarily closed during the COVID-19 confinement but will handle emergencies. For assistance, call 933 29 18 95.","robots":{"index":"index","follow":"follow","max-snippet":"max-snippet:-1","max-image-preview":"max-image-preview:large","max-video-preview":"max-video-preview:-1"},"canonical":"https:\/\/clinicapadros.com\/en\/news\/closure-during-confinement-covid19\/","og_locale":"en_US","og_type":"article","og_title":"Closure during confinement COVID19","og_description":"Cl\u00ednica Dental Padr\u00f3s is temporarily closed during the COVID-19 confinement but will handle emergencies. For assistance, call 933 29 18 95.","og_url":"https:\/\/clinicapadros.com\/en\/news\/closure-during-confinement-covid19\/","og_site_name":"Cl\u00ednica Dental Padr\u00f3s","article_publisher":"http:\/\/www.facebook.com\/clinicapadros","article_published_time":"2020-03-15T13:19:00+00:00","article_modified_time":"2024-05-17T15:04:25+00:00","og_image":[{"width":1080,"height":595,"url":"https:\/\/clinicapadros.com\/wp-content\/uploads\/2020\/06\/Cierrer-durante-confinamiento-COVID19.jpg","type":"image\/jpeg"}],"author":"Jos\u00e9 Luis Padr\u00f3s","twitter_card":"summary_large_image","twitter_creator":"@clinicapadros","twitter_site":"@clinicapadros","twitter_misc":{"Written by":"Jos\u00e9 Luis Padr\u00f3s","Est. reading time":"1 minute"},"schema":{"@context":"https:\/\/schema.org","@graph":[{"@type":"Article","@id":"https:\/\/clinicapadros.com\/en\/news\/closure-during-confinement-covid19\/#article","isPartOf":{"@id":"https:\/\/clinicapadros.com\/en\/news\/closure-during-confinement-covid19\/"},"author":{"name":"Jos\u00e9 Luis Padr\u00f3s","@id":"https:\/\/clinicapadros.com\/en\/#\/schema\/person\/1f1727592203e6c6127e0b61bc295430"},"headline":"Closure during confinement COVID19","datePublished":"2020-03-15T13:19:00+00:00","dateModified":"2024-05-17T15:04:25+00:00","mainEntityOfPage":{"@id":"https:\/\/clinicapadros.com\/en\/news\/closure-during-confinement-covid19\/"},"wordCount":58,"commentCount":0,"publisher":{"@id":"https:\/\/clinicapadros.com\/en\/#organization"},"image":{"@id":"https:\/\/clinicapadros.com\/en\/news\/closure-during-confinement-covid19\/#primaryimage"},"thumbnailUrl":"https:\/\/clinicapadros.com\/wp-content\/uploads\/2020\/06\/Cierrer-durante-confinamiento-COVID19.jpg","articleSection":["Blog","News home"],"inLanguage":"en-US","potentialAction":[{"@type":"CommentAction","name":"Comment","target":["https:\/\/clinicapadros.com\/en\/news\/closure-during-confinement-covid19\/#respond"]}]},{"@type":"WebPage","@id":"https:\/\/clinicapadros.com\/en\/news\/closure-during-confinement-covid19\/","url":"https:\/\/clinicapadros.com\/en\/news\/closure-during-confinement-covid19\/","name":"Closure during confinement COVID19 - Cl\u00ednica Dental Padr\u00f3s","isPartOf":{"@id":"https:\/\/clinicapadros.com\/en\/#website"},"primaryImageOfPage":{"@id":"https:\/\/clinicapadros.com\/en\/news\/closure-during-confinement-covid19\/#primaryimage"},"image":{"@id":"https:\/\/clinicapadros.com\/en\/news\/closure-during-confinement-covid19\/#primaryimage"},"thumbnailUrl":"https:\/\/clinicapadros.com\/wp-content\/uploads\/2020\/06\/Cierrer-durante-confinamiento-COVID19.jpg","datePublished":"2020-03-15T13:19:00+00:00","dateModified":"2024-05-17T15:04:25+00:00","description":"Cl\u00ednica Dental Padr\u00f3s is temporarily closed during the COVID-19 confinement but will handle emergencies. For assistance, call 933 29 18 95.","breadcrumb":{"@id":"https:\/\/clinicapadros.com\/en\/news\/closure-during-confinement-covid19\/#breadcrumb"},"inLanguage":"en-US","potentialAction":[{"@type":"ReadAction","target":["https:\/\/clinicapadros.com\/en\/news\/closure-during-confinement-covid19\/"]}]},{"@type":"ImageObject","inLanguage":"en-US","@id":"https:\/\/clinicapadros.com\/en\/news\/closure-during-confinement-covid19\/#primaryimage","url":"https:\/\/clinicapadros.com\/wp-content\/uploads\/2020\/06\/Cierrer-durante-confinamiento-COVID19.jpg","contentUrl":"https:\/\/clinicapadros.com\/wp-content\/uploads\/2020\/06\/Cierrer-durante-confinamiento-COVID19.jpg","width":1080,"height":595},{"@type":"BreadcrumbList","@id":"https:\/\/clinicapadros.com\/en\/news\/closure-during-confinement-covid19\/#breadcrumb","itemListElement":[{"@type":"ListItem","position":1,"name":"Home","item":"https:\/\/clinicapadros.com\/en\/"},{"@type":"ListItem","position":2,"name":"Blog","item":"https:\/\/clinicapadros.com\/en\/news\/"},{"@type":"ListItem","position":3,"name":"Closure during confinement COVID19"}]},{"@type":"WebSite","@id":"https:\/\/clinicapadros.com\/en\/#website","url":"https:\/\/clinicapadros.com\/en\/","name":"Cl\u00ednica Dental Padr\u00f3s","description":"Buen dentista en Barcelona","publisher":{"@id":"https:\/\/clinicapadros.com\/en\/#organization"},"potentialAction":[{"@type":"SearchAction","target":{"@type":"EntryPoint","urlTemplate":"https:\/\/clinicapadros.com\/en\/?s={search_term_string}"},"query-input":{"@type":"PropertyValueSpecification","valueRequired":true,"valueName":"search_term_string"}}],"inLanguage":"en-US"},{"@type":"Organization","@id":"https:\/\/clinicapadros.com\/en\/#organization","name":"Cl\u00ednica Dental Padr\u00f3s","url":"https:\/\/clinicapadros.com\/en\/","logo":{"@type":"ImageObject","inLanguage":"en-US","@id":"https:\/\/clinicapadros.com\/en\/#\/schema\/logo\/image\/","url":"https:\/\/clinicapadros.com\/wp-content\/uploads\/2017\/04\/logo-clinica-dental-padros.jpg","contentUrl":"https:\/\/clinicapadros.com\/wp-content\/uploads\/2017\/04\/logo-clinica-dental-padros.jpg","width":365,"height":80,"caption":"Cl\u00ednica Dental Padr\u00f3s"},"image":{"@id":"https:\/\/clinicapadros.com\/en\/#\/schema\/logo\/image\/"},"sameAs":["http:\/\/www.facebook.com\/clinicapadros","https:\/\/x.com\/clinicapadros","https:\/\/instagram.com\/clinicapadros","https:\/\/es.pinterest.com\/clinicapadros\/","https:\/\/www.youtube.com\/clinicapadros"]},{"@type":"Person","@id":"https:\/\/clinicapadros.com\/en\/#\/schema\/person\/1f1727592203e6c6127e0b61bc295430","name":"Jos\u00e9 Luis Padr\u00f3s","image":{"@type":"ImageObject","inLanguage":"en-US","@id":"https:\/\/secure.gravatar.com\/avatar\/a2319c1e449b5f5fdf77b7bf98fc41f27e362e19958dbf0d56fe90d07a7145f7?s=96&d=mm&r=g","url":"https:\/\/secure.gravatar.com\/avatar\/a2319c1e449b5f5fdf77b7bf98fc41f27e362e19958dbf0d56fe90d07a7145f7?s=96&d=mm&r=g","contentUrl":"https:\/\/secure.gravatar.com\/avatar\/a2319c1e449b5f5fdf77b7bf98fc41f27e362e19958dbf0d56fe90d07a7145f7?s=96&d=mm&r=g","caption":"Jos\u00e9 Luis Padr\u00f3s"}}]}},"_links":{"self":[{"href":"https:\/\/clinicapadros.com\/en\/wp-json\/wp\/v2\/posts\/9247","targetHints":{"allow":["GET"]}}],"collection":[{"href":"https:\/\/clinicapadros.com\/en\/wp-json\/wp\/v2\/posts"}],"about":[{"href":"https:\/\/clinicapadros.com\/en\/wp-json\/wp\/v2\/types\/post"}],"author":[{"embeddable":true,"href":"https:\/\/clinicapadros.com\/en\/wp-json\/wp\/v2\/users\/7"}],"replies":[{"embeddable":true,"href":"https:\/\/clinicapadros.com\/en\/wp-json\/wp\/v2\/comments?post=9247"}],"version-history":[{"count":3,"href":"https:\/\/clinicapadros.com\/en\/wp-json\/wp\/v2\/posts\/9247\/revisions"}],"predecessor-version":[{"id":17477,"href":"https:\/\/clinicapadros.com\/en\/wp-json\/wp\/v2\/posts\/9247\/revisions\/17477"}],"wp:featuredmedia":[{"embeddable":true,"href":"https:\/\/clinicapadros.com\/en\/wp-json\/wp\/v2\/media\/9237"}],"wp:attachment":[{"href":"https:\/\/clinicapadros.com\/en\/wp-json\/wp\/v2\/media?parent=9247"}],"wp:term":[{"taxonomy":"category","embeddable":true,"href":"https:\/\/clinicapadros.com\/en\/wp-json\/wp\/v2\/categories?post=9247"},{"taxonomy":"post_tag","embeddable":true,"href":"https:\/\/clinicapadros.com\/en\/wp-json\/wp\/v2\/tags?post=9247"}],"curies":[{"name":"wp","href":"https:\/\/api.w.org\/{rel}","templated":true}]}}