{"id":5537,"date":"2018-03-23T14:52:19","date_gmt":"2018-03-23T12:52:19","guid":{"rendered":"http:\/\/duo.cat\/?p=5537"},"modified":"2024-05-17T17:08:56","modified_gmt":"2024-05-17T15:08:56","slug":"dental-case-lluis-orthodontic-treatment-and-porcelain-veneers","status":"publish","type":"post","link":"https:\/\/clinicapadros.com\/en\/news\/dental-case-lluis-orthodontic-treatment-and-porcelain-veneers\/","title":{"rendered":"Dental case Llu\u00eds: orthodontic treatment and porcelain veneers"},"content":{"rendered":"<div id=\"pl-5537\"  class=\"panel-layout\" >\n<div id=\"pg-5537-0\"  class=\"panel-grid panel-no-style\" >\n<div id=\"pgc-5537-0-0\"  class=\"panel-grid-cell\"  data-weight=\"1\" >\n<div id=\"panel-5537-0-0-0\" class=\"so-panel widget widget_sow-editor panel-first-child panel-last-child\" data-index=\"0\" data-style=\"{&quot;background_image_attachment&quot;:false,&quot;background_display&quot;:&quot;tile&quot;}\" >\n<div\n\t\t\t\n\t\t\tclass=\"so-widget-sow-editor so-widget-sow-editor-base\"\n\t\t\t\n\t\t><\/p>\n<div class=\"siteorigin-widget-tinymce textwidget\">\n<p>Once, we are proud to show you one of the latest cases we have treated at Padr\u00f3s Dental Clinic.<\/p>\n<p>This is Llu\u00eds, a patient who went to his doctor because some of his teeth were broken for no apparent reason and he had some discomfort.<\/p>\n<p>Her doctor, who is also our patient, recommended our dental clinic and decided to have orthodontic treatment followed by dental veneers.<\/p>\n<figure class=\"wp-block-embed wp-block-embed-youtube is-type-video is-provider-youtube epyt-figure\"><div class=\"wp-block-embed__wrapper\"><div class=\"epyt-video-wrapper\"><iframe  id=\"_ytid_26526\"  width=\"1200\" height=\"675\"  data-origwidth=\"1200\" data-origheight=\"675\"  data-relstop=\"1\" src=\"https:\/\/www.youtube.com\/embed\/JeaS5fGxkE0?enablejsapi=1&autoplay=0&cc_load_policy=0&cc_lang_pref=&iv_load_policy=3&loop=0&rel=0&fs=1&playsinline=0&autohide=2&hl=en_US&theme=dark&color=red&controls=1&disablekb=0&\" class=\"__youtube_prefs__  no-lazyload\" title=\"YouTube player\"  allow=\"fullscreen; accelerometer; autoplay; clipboard-write; encrypted-media; gyroscope; picture-in-picture; web-share\" referrerpolicy=\"strict-origin-when-cross-origin\" allowfullscreen data-no-lazy=\"1\" data-skipgform_ajax_framebjll=\"\"><\/iframe><\/div><\/div><\/figure>\n<\/div>\n<\/div>\n<\/div>\n<\/div>\n<\/div>\n<\/div>\n","protected":false},"excerpt":{"rendered":"<p>Once, we are proud to show you one of the latest cases we have treated at Padr\u00f3s Dental Clinic. This is Llu\u00eds, a patient who went to his doctor because some of his teeth were broken for no apparent reason and he had some discomfort. Her doctor, who is also our patient, recommended our dental &#8230; <a title=\"Dental case Llu\u00eds: orthodontic treatment and porcelain veneers\" class=\"read-more\" href=\"https:\/\/clinicapadros.com\/en\/news\/dental-case-lluis-orthodontic-treatment-and-porcelain-veneers\/\" aria-label=\"Read more about Dental case Llu\u00eds: orthodontic treatment and porcelain veneers\">Read more<\/a><\/p>\n","protected":false},"author":7,"featured_media":5543,"comment_status":"open","ping_status":"closed","sticky":false,"template":"","format":"standard","meta":{"footnotes":""},"categories":[5],"tags":[],"class_list":["post-5537","post","type-post","status-publish","format-standard","has-post-thumbnail","hentry","category-news"],"yoast_head":"<!-- This site is optimized with the Yoast SEO Premium plugin v21.5 (Yoast SEO v27.3) - https:\/\/yoast.com\/product\/yoast-seo-premium-wordpress\/ -->\n<title>Dental case Llu\u00eds: orthodontic treatment and porcelain veneers - Cl\u00ednica Dental Padr\u00f3s<\/title>\n<meta name=\"description\" content=\"Llu\u00eds&#039;s dental case at Cl\u00ednica Dental Padr\u00f3s involved orthodontic treatment to correct misaligned teeth, followed by porcelain veneers for a perfect smile.\" \/>\n<meta name=\"robots\" content=\"index, follow, max-snippet:-1, max-image-preview:large, max-video-preview:-1\" \/>\n<link rel=\"canonical\" href=\"https:\/\/clinicapadros.com\/en\/news\/dental-case-lluis-orthodontic-treatment-and-porcelain-veneers\/\" \/>\n<meta property=\"og:locale\" content=\"en_US\" \/>\n<meta property=\"og:type\" content=\"article\" \/>\n<meta property=\"og:title\" content=\"Dental case Llu\u00eds: orthodontic treatment and porcelain veneers\" \/>\n<meta property=\"og:description\" content=\"Llu\u00eds&#039;s dental case at Cl\u00ednica Dental Padr\u00f3s involved orthodontic treatment to correct misaligned teeth, followed by porcelain veneers for a perfect smile.\" \/>\n<meta property=\"og:url\" content=\"https:\/\/clinicapadros.com\/en\/news\/dental-case-lluis-orthodontic-treatment-and-porcelain-veneers\/\" \/>\n<meta property=\"og:site_name\" content=\"Cl\u00ednica Dental Padr\u00f3s\" \/>\n<meta property=\"article:publisher\" content=\"http:\/\/www.facebook.com\/clinicapadros\" \/>\n<meta property=\"article:published_time\" content=\"2018-03-23T12:52:19+00:00\" \/>\n<meta property=\"article:modified_time\" content=\"2024-05-17T15:08:56+00:00\" \/>\n<meta property=\"og:image\" content=\"https:\/\/clinicapadros.com\/wp-content\/uploads\/2018\/03\/caso-dental-lluis-ortodoncia-carillas-dentales-porcelana.jpg\" \/>\n\t<meta property=\"og:image:width\" content=\"445\" \/>\n\t<meta property=\"og:image:height\" content=\"511\" \/>\n\t<meta property=\"og:image:type\" content=\"image\/jpeg\" \/>\n<meta name=\"author\" content=\"Jos\u00e9 Luis Padr\u00f3s\" \/>\n<meta name=\"twitter:card\" content=\"summary_large_image\" \/>\n<meta name=\"twitter:creator\" content=\"@clinicapadros\" \/>\n<meta name=\"twitter:site\" content=\"@clinicapadros\" \/>\n<meta name=\"twitter:label1\" content=\"Written by\" \/>\n\t<meta name=\"twitter:data1\" content=\"Jos\u00e9 Luis Padr\u00f3s\" \/>\n\t<meta name=\"twitter:label2\" content=\"Est. reading time\" \/>\n\t<meta name=\"twitter:data2\" content=\"1 minute\" \/>\n<script type=\"application\/ld+json\" class=\"yoast-schema-graph\">{\"@context\":\"https:\\\/\\\/schema.org\",\"@graph\":[{\"@type\":\"Article\",\"@id\":\"https:\\\/\\\/clinicapadros.com\\\/en\\\/news\\\/dental-case-lluis-orthodontic-treatment-and-porcelain-veneers\\\/#article\",\"isPartOf\":{\"@id\":\"https:\\\/\\\/clinicapadros.com\\\/en\\\/news\\\/dental-case-lluis-orthodontic-treatment-and-porcelain-veneers\\\/\"},\"author\":{\"name\":\"Jos\u00e9 Luis Padr\u00f3s\",\"@id\":\"https:\\\/\\\/clinicapadros.com\\\/en\\\/#\\\/schema\\\/person\\\/1f1727592203e6c6127e0b61bc295430\"},\"headline\":\"Dental case Llu\u00eds: orthodontic treatment and porcelain veneers\",\"datePublished\":\"2018-03-23T12:52:19+00:00\",\"dateModified\":\"2024-05-17T15:08:56+00:00\",\"mainEntityOfPage\":{\"@id\":\"https:\\\/\\\/clinicapadros.com\\\/en\\\/news\\\/dental-case-lluis-orthodontic-treatment-and-porcelain-veneers\\\/\"},\"wordCount\":89,\"commentCount\":0,\"publisher\":{\"@id\":\"https:\\\/\\\/clinicapadros.com\\\/en\\\/#organization\"},\"image\":{\"@id\":\"https:\\\/\\\/clinicapadros.com\\\/en\\\/news\\\/dental-case-lluis-orthodontic-treatment-and-porcelain-veneers\\\/#primaryimage\"},\"thumbnailUrl\":\"https:\\\/\\\/clinicapadros.com\\\/wp-content\\\/uploads\\\/2018\\\/03\\\/caso-dental-lluis-ortodoncia-carillas-dentales-porcelana.jpg\",\"articleSection\":[\"Blog\"],\"inLanguage\":\"en-US\",\"potentialAction\":[{\"@type\":\"CommentAction\",\"name\":\"Comment\",\"target\":[\"https:\\\/\\\/clinicapadros.com\\\/en\\\/news\\\/dental-case-lluis-orthodontic-treatment-and-porcelain-veneers\\\/#respond\"]}]},{\"@type\":\"WebPage\",\"@id\":\"https:\\\/\\\/clinicapadros.com\\\/en\\\/news\\\/dental-case-lluis-orthodontic-treatment-and-porcelain-veneers\\\/\",\"url\":\"https:\\\/\\\/clinicapadros.com\\\/en\\\/news\\\/dental-case-lluis-orthodontic-treatment-and-porcelain-veneers\\\/\",\"name\":\"Dental case Llu\u00eds: orthodontic treatment and porcelain veneers - Cl\u00ednica Dental Padr\u00f3s\",\"isPartOf\":{\"@id\":\"https:\\\/\\\/clinicapadros.com\\\/en\\\/#website\"},\"primaryImageOfPage\":{\"@id\":\"https:\\\/\\\/clinicapadros.com\\\/en\\\/news\\\/dental-case-lluis-orthodontic-treatment-and-porcelain-veneers\\\/#primaryimage\"},\"image\":{\"@id\":\"https:\\\/\\\/clinicapadros.com\\\/en\\\/news\\\/dental-case-lluis-orthodontic-treatment-and-porcelain-veneers\\\/#primaryimage\"},\"thumbnailUrl\":\"https:\\\/\\\/clinicapadros.com\\\/wp-content\\\/uploads\\\/2018\\\/03\\\/caso-dental-lluis-ortodoncia-carillas-dentales-porcelana.jpg\",\"datePublished\":\"2018-03-23T12:52:19+00:00\",\"dateModified\":\"2024-05-17T15:08:56+00:00\",\"description\":\"Llu\u00eds's dental case at Cl\u00ednica Dental Padr\u00f3s involved orthodontic treatment to correct misaligned teeth, followed by porcelain veneers for a perfect smile.\",\"breadcrumb\":{\"@id\":\"https:\\\/\\\/clinicapadros.com\\\/en\\\/news\\\/dental-case-lluis-orthodontic-treatment-and-porcelain-veneers\\\/#breadcrumb\"},\"inLanguage\":\"en-US\",\"potentialAction\":[{\"@type\":\"ReadAction\",\"target\":[\"https:\\\/\\\/clinicapadros.com\\\/en\\\/news\\\/dental-case-lluis-orthodontic-treatment-and-porcelain-veneers\\\/\"]}]},{\"@type\":\"ImageObject\",\"inLanguage\":\"en-US\",\"@id\":\"https:\\\/\\\/clinicapadros.com\\\/en\\\/news\\\/dental-case-lluis-orthodontic-treatment-and-porcelain-veneers\\\/#primaryimage\",\"url\":\"https:\\\/\\\/clinicapadros.com\\\/wp-content\\\/uploads\\\/2018\\\/03\\\/caso-dental-lluis-ortodoncia-carillas-dentales-porcelana.jpg\",\"contentUrl\":\"https:\\\/\\\/clinicapadros.com\\\/wp-content\\\/uploads\\\/2018\\\/03\\\/caso-dental-lluis-ortodoncia-carillas-dentales-porcelana.jpg\",\"width\":445,\"height\":511},{\"@type\":\"BreadcrumbList\",\"@id\":\"https:\\\/\\\/clinicapadros.com\\\/en\\\/news\\\/dental-case-lluis-orthodontic-treatment-and-porcelain-veneers\\\/#breadcrumb\",\"itemListElement\":[{\"@type\":\"ListItem\",\"position\":1,\"name\":\"Home\",\"item\":\"https:\\\/\\\/clinicapadros.com\\\/en\\\/\"},{\"@type\":\"ListItem\",\"position\":2,\"name\":\"Blog\",\"item\":\"https:\\\/\\\/clinicapadros.com\\\/en\\\/news\\\/\"},{\"@type\":\"ListItem\",\"position\":3,\"name\":\"Dental case Llu\u00eds: orthodontic treatment and porcelain veneers\"}]},{\"@type\":\"WebSite\",\"@id\":\"https:\\\/\\\/clinicapadros.com\\\/en\\\/#website\",\"url\":\"https:\\\/\\\/clinicapadros.com\\\/en\\\/\",\"name\":\"Cl\u00ednica Dental Padr\u00f3s\",\"description\":\"Buen dentista en Barcelona\",\"publisher\":{\"@id\":\"https:\\\/\\\/clinicapadros.com\\\/en\\\/#organization\"},\"potentialAction\":[{\"@type\":\"SearchAction\",\"target\":{\"@type\":\"EntryPoint\",\"urlTemplate\":\"https:\\\/\\\/clinicapadros.com\\\/en\\\/?s={search_term_string}\"},\"query-input\":{\"@type\":\"PropertyValueSpecification\",\"valueRequired\":true,\"valueName\":\"search_term_string\"}}],\"inLanguage\":\"en-US\"},{\"@type\":\"Organization\",\"@id\":\"https:\\\/\\\/clinicapadros.com\\\/en\\\/#organization\",\"name\":\"Cl\u00ednica Dental Padr\u00f3s\",\"url\":\"https:\\\/\\\/clinicapadros.com\\\/en\\\/\",\"logo\":{\"@type\":\"ImageObject\",\"inLanguage\":\"en-US\",\"@id\":\"https:\\\/\\\/clinicapadros.com\\\/en\\\/#\\\/schema\\\/logo\\\/image\\\/\",\"url\":\"https:\\\/\\\/clinicapadros.com\\\/wp-content\\\/uploads\\\/2017\\\/04\\\/logo-clinica-dental-padros.jpg\",\"contentUrl\":\"https:\\\/\\\/clinicapadros.com\\\/wp-content\\\/uploads\\\/2017\\\/04\\\/logo-clinica-dental-padros.jpg\",\"width\":365,\"height\":80,\"caption\":\"Cl\u00ednica Dental Padr\u00f3s\"},\"image\":{\"@id\":\"https:\\\/\\\/clinicapadros.com\\\/en\\\/#\\\/schema\\\/logo\\\/image\\\/\"},\"sameAs\":[\"http:\\\/\\\/www.facebook.com\\\/clinicapadros\",\"https:\\\/\\\/x.com\\\/clinicapadros\",\"https:\\\/\\\/instagram.com\\\/clinicapadros\",\"https:\\\/\\\/es.pinterest.com\\\/clinicapadros\\\/\",\"https:\\\/\\\/www.youtube.com\\\/clinicapadros\"]},{\"@type\":\"Person\",\"@id\":\"https:\\\/\\\/clinicapadros.com\\\/en\\\/#\\\/schema\\\/person\\\/1f1727592203e6c6127e0b61bc295430\",\"name\":\"Jos\u00e9 Luis Padr\u00f3s\",\"image\":{\"@type\":\"ImageObject\",\"inLanguage\":\"en-US\",\"@id\":\"https:\\\/\\\/secure.gravatar.com\\\/avatar\\\/a2319c1e449b5f5fdf77b7bf98fc41f27e362e19958dbf0d56fe90d07a7145f7?s=96&d=mm&r=g\",\"url\":\"https:\\\/\\\/secure.gravatar.com\\\/avatar\\\/a2319c1e449b5f5fdf77b7bf98fc41f27e362e19958dbf0d56fe90d07a7145f7?s=96&d=mm&r=g\",\"contentUrl\":\"https:\\\/\\\/secure.gravatar.com\\\/avatar\\\/a2319c1e449b5f5fdf77b7bf98fc41f27e362e19958dbf0d56fe90d07a7145f7?s=96&d=mm&r=g\",\"caption\":\"Jos\u00e9 Luis Padr\u00f3s\"}}]}<\/script>\n<!-- \/ Yoast SEO Premium plugin. -->","yoast_head_json":{"title":"Dental case Llu\u00eds: orthodontic treatment and porcelain veneers - Cl\u00ednica Dental Padr\u00f3s","description":"Llu\u00eds's dental case at Cl\u00ednica Dental Padr\u00f3s involved orthodontic treatment to correct misaligned teeth, followed by porcelain veneers for a perfect smile.","robots":{"index":"index","follow":"follow","max-snippet":"max-snippet:-1","max-image-preview":"max-image-preview:large","max-video-preview":"max-video-preview:-1"},"canonical":"https:\/\/clinicapadros.com\/en\/news\/dental-case-lluis-orthodontic-treatment-and-porcelain-veneers\/","og_locale":"en_US","og_type":"article","og_title":"Dental case Llu\u00eds: orthodontic treatment and porcelain veneers","og_description":"Llu\u00eds's dental case at Cl\u00ednica Dental Padr\u00f3s involved orthodontic treatment to correct misaligned teeth, followed by porcelain veneers for a perfect smile.","og_url":"https:\/\/clinicapadros.com\/en\/news\/dental-case-lluis-orthodontic-treatment-and-porcelain-veneers\/","og_site_name":"Cl\u00ednica Dental Padr\u00f3s","article_publisher":"http:\/\/www.facebook.com\/clinicapadros","article_published_time":"2018-03-23T12:52:19+00:00","article_modified_time":"2024-05-17T15:08:56+00:00","og_image":[{"width":445,"height":511,"url":"https:\/\/clinicapadros.com\/wp-content\/uploads\/2018\/03\/caso-dental-lluis-ortodoncia-carillas-dentales-porcelana.jpg","type":"image\/jpeg"}],"author":"Jos\u00e9 Luis Padr\u00f3s","twitter_card":"summary_large_image","twitter_creator":"@clinicapadros","twitter_site":"@clinicapadros","twitter_misc":{"Written by":"Jos\u00e9 Luis Padr\u00f3s","Est. reading time":"1 minute"},"schema":{"@context":"https:\/\/schema.org","@graph":[{"@type":"Article","@id":"https:\/\/clinicapadros.com\/en\/news\/dental-case-lluis-orthodontic-treatment-and-porcelain-veneers\/#article","isPartOf":{"@id":"https:\/\/clinicapadros.com\/en\/news\/dental-case-lluis-orthodontic-treatment-and-porcelain-veneers\/"},"author":{"name":"Jos\u00e9 Luis Padr\u00f3s","@id":"https:\/\/clinicapadros.com\/en\/#\/schema\/person\/1f1727592203e6c6127e0b61bc295430"},"headline":"Dental case Llu\u00eds: orthodontic treatment and porcelain veneers","datePublished":"2018-03-23T12:52:19+00:00","dateModified":"2024-05-17T15:08:56+00:00","mainEntityOfPage":{"@id":"https:\/\/clinicapadros.com\/en\/news\/dental-case-lluis-orthodontic-treatment-and-porcelain-veneers\/"},"wordCount":89,"commentCount":0,"publisher":{"@id":"https:\/\/clinicapadros.com\/en\/#organization"},"image":{"@id":"https:\/\/clinicapadros.com\/en\/news\/dental-case-lluis-orthodontic-treatment-and-porcelain-veneers\/#primaryimage"},"thumbnailUrl":"https:\/\/clinicapadros.com\/wp-content\/uploads\/2018\/03\/caso-dental-lluis-ortodoncia-carillas-dentales-porcelana.jpg","articleSection":["Blog"],"inLanguage":"en-US","potentialAction":[{"@type":"CommentAction","name":"Comment","target":["https:\/\/clinicapadros.com\/en\/news\/dental-case-lluis-orthodontic-treatment-and-porcelain-veneers\/#respond"]}]},{"@type":"WebPage","@id":"https:\/\/clinicapadros.com\/en\/news\/dental-case-lluis-orthodontic-treatment-and-porcelain-veneers\/","url":"https:\/\/clinicapadros.com\/en\/news\/dental-case-lluis-orthodontic-treatment-and-porcelain-veneers\/","name":"Dental case Llu\u00eds: orthodontic treatment and porcelain veneers - Cl\u00ednica Dental Padr\u00f3s","isPartOf":{"@id":"https:\/\/clinicapadros.com\/en\/#website"},"primaryImageOfPage":{"@id":"https:\/\/clinicapadros.com\/en\/news\/dental-case-lluis-orthodontic-treatment-and-porcelain-veneers\/#primaryimage"},"image":{"@id":"https:\/\/clinicapadros.com\/en\/news\/dental-case-lluis-orthodontic-treatment-and-porcelain-veneers\/#primaryimage"},"thumbnailUrl":"https:\/\/clinicapadros.com\/wp-content\/uploads\/2018\/03\/caso-dental-lluis-ortodoncia-carillas-dentales-porcelana.jpg","datePublished":"2018-03-23T12:52:19+00:00","dateModified":"2024-05-17T15:08:56+00:00","description":"Llu\u00eds's dental case at Cl\u00ednica Dental Padr\u00f3s involved orthodontic treatment to correct misaligned teeth, followed by porcelain veneers for a perfect smile.","breadcrumb":{"@id":"https:\/\/clinicapadros.com\/en\/news\/dental-case-lluis-orthodontic-treatment-and-porcelain-veneers\/#breadcrumb"},"inLanguage":"en-US","potentialAction":[{"@type":"ReadAction","target":["https:\/\/clinicapadros.com\/en\/news\/dental-case-lluis-orthodontic-treatment-and-porcelain-veneers\/"]}]},{"@type":"ImageObject","inLanguage":"en-US","@id":"https:\/\/clinicapadros.com\/en\/news\/dental-case-lluis-orthodontic-treatment-and-porcelain-veneers\/#primaryimage","url":"https:\/\/clinicapadros.com\/wp-content\/uploads\/2018\/03\/caso-dental-lluis-ortodoncia-carillas-dentales-porcelana.jpg","contentUrl":"https:\/\/clinicapadros.com\/wp-content\/uploads\/2018\/03\/caso-dental-lluis-ortodoncia-carillas-dentales-porcelana.jpg","width":445,"height":511},{"@type":"BreadcrumbList","@id":"https:\/\/clinicapadros.com\/en\/news\/dental-case-lluis-orthodontic-treatment-and-porcelain-veneers\/#breadcrumb","itemListElement":[{"@type":"ListItem","position":1,"name":"Home","item":"https:\/\/clinicapadros.com\/en\/"},{"@type":"ListItem","position":2,"name":"Blog","item":"https:\/\/clinicapadros.com\/en\/news\/"},{"@type":"ListItem","position":3,"name":"Dental case Llu\u00eds: orthodontic treatment and porcelain veneers"}]},{"@type":"WebSite","@id":"https:\/\/clinicapadros.com\/en\/#website","url":"https:\/\/clinicapadros.com\/en\/","name":"Cl\u00ednica Dental Padr\u00f3s","description":"Buen dentista en Barcelona","publisher":{"@id":"https:\/\/clinicapadros.com\/en\/#organization"},"potentialAction":[{"@type":"SearchAction","target":{"@type":"EntryPoint","urlTemplate":"https:\/\/clinicapadros.com\/en\/?s={search_term_string}"},"query-input":{"@type":"PropertyValueSpecification","valueRequired":true,"valueName":"search_term_string"}}],"inLanguage":"en-US"},{"@type":"Organization","@id":"https:\/\/clinicapadros.com\/en\/#organization","name":"Cl\u00ednica Dental Padr\u00f3s","url":"https:\/\/clinicapadros.com\/en\/","logo":{"@type":"ImageObject","inLanguage":"en-US","@id":"https:\/\/clinicapadros.com\/en\/#\/schema\/logo\/image\/","url":"https:\/\/clinicapadros.com\/wp-content\/uploads\/2017\/04\/logo-clinica-dental-padros.jpg","contentUrl":"https:\/\/clinicapadros.com\/wp-content\/uploads\/2017\/04\/logo-clinica-dental-padros.jpg","width":365,"height":80,"caption":"Cl\u00ednica Dental Padr\u00f3s"},"image":{"@id":"https:\/\/clinicapadros.com\/en\/#\/schema\/logo\/image\/"},"sameAs":["http:\/\/www.facebook.com\/clinicapadros","https:\/\/x.com\/clinicapadros","https:\/\/instagram.com\/clinicapadros","https:\/\/es.pinterest.com\/clinicapadros\/","https:\/\/www.youtube.com\/clinicapadros"]},{"@type":"Person","@id":"https:\/\/clinicapadros.com\/en\/#\/schema\/person\/1f1727592203e6c6127e0b61bc295430","name":"Jos\u00e9 Luis Padr\u00f3s","image":{"@type":"ImageObject","inLanguage":"en-US","@id":"https:\/\/secure.gravatar.com\/avatar\/a2319c1e449b5f5fdf77b7bf98fc41f27e362e19958dbf0d56fe90d07a7145f7?s=96&d=mm&r=g","url":"https:\/\/secure.gravatar.com\/avatar\/a2319c1e449b5f5fdf77b7bf98fc41f27e362e19958dbf0d56fe90d07a7145f7?s=96&d=mm&r=g","contentUrl":"https:\/\/secure.gravatar.com\/avatar\/a2319c1e449b5f5fdf77b7bf98fc41f27e362e19958dbf0d56fe90d07a7145f7?s=96&d=mm&r=g","caption":"Jos\u00e9 Luis Padr\u00f3s"}}]}},"_links":{"self":[{"href":"https:\/\/clinicapadros.com\/en\/wp-json\/wp\/v2\/posts\/5537","targetHints":{"allow":["GET"]}}],"collection":[{"href":"https:\/\/clinicapadros.com\/en\/wp-json\/wp\/v2\/posts"}],"about":[{"href":"https:\/\/clinicapadros.com\/en\/wp-json\/wp\/v2\/types\/post"}],"author":[{"embeddable":true,"href":"https:\/\/clinicapadros.com\/en\/wp-json\/wp\/v2\/users\/7"}],"replies":[{"embeddable":true,"href":"https:\/\/clinicapadros.com\/en\/wp-json\/wp\/v2\/comments?post=5537"}],"version-history":[{"count":3,"href":"https:\/\/clinicapadros.com\/en\/wp-json\/wp\/v2\/posts\/5537\/revisions"}],"predecessor-version":[{"id":17486,"href":"https:\/\/clinicapadros.com\/en\/wp-json\/wp\/v2\/posts\/5537\/revisions\/17486"}],"wp:featuredmedia":[{"embeddable":true,"href":"https:\/\/clinicapadros.com\/en\/wp-json\/wp\/v2\/media\/5543"}],"wp:attachment":[{"href":"https:\/\/clinicapadros.com\/en\/wp-json\/wp\/v2\/media?parent=5537"}],"wp:term":[{"taxonomy":"category","embeddable":true,"href":"https:\/\/clinicapadros.com\/en\/wp-json\/wp\/v2\/categories?post=5537"},{"taxonomy":"post_tag","embeddable":true,"href":"https:\/\/clinicapadros.com\/en\/wp-json\/wp\/v2\/tags?post=5537"}],"curies":[{"name":"wp","href":"https:\/\/api.w.org\/{rel}","templated":true}]}}