{"id":6457,"date":"2019-07-31T11:09:46","date_gmt":"2019-07-31T09:09:46","guid":{"rendered":"http:\/\/duo.cat\/?p=6457"},"modified":"2024-05-17T14:53:26","modified_gmt":"2024-05-17T12:53:26","slug":"horari-dagost","status":"publish","type":"post","link":"https:\/\/clinicapadros.com\/ca\/noticia-portada-ca\/horari-dagost\/","title":{"rendered":"Horari d&#8217;Agost"},"content":{"rendered":"<div id=\"pl-6457\"  class=\"panel-layout\" >\n<div id=\"pg-6457-0\"  class=\"panel-grid panel-no-style\"  data-style=\"{&quot;background_image_attachment&quot;:false,&quot;background_display&quot;:&quot;tile&quot;,&quot;full_height&quot;:&quot;&quot;,&quot;lsow_dark_bg&quot;:&quot;&quot;,&quot;cell_alignment&quot;:&quot;flex-start&quot;}\" >\n<div id=\"pgc-6457-0-0\"  class=\"panel-grid-cell\"  data-weight=\"1\" >\n<div id=\"panel-6457-0-0-0\" class=\"so-panel widget widget_sow-editor panel-first-child panel-last-child\" data-index=\"0\" data-style=\"{&quot;background_image_attachment&quot;:false,&quot;background_display&quot;:&quot;tile&quot;}\" >\n<div\n\t\t\t\n\t\t\tclass=\"so-widget-sow-editor so-widget-sow-editor-base\"\n\t\t\t\n\t\t><\/p>\n<div class=\"siteorigin-widget-tinymce textwidget\">\n<p><strong>No importa la destinaci\u00f3, nom\u00e9s gaudeix el merescut descans.<\/strong><\/p>\n<p>Durant el mes d&#8217;agost obrirem els dimecres 7,14 i 21 de 12.00 a 18.00 hores per a atendre les urg\u00e8ncies.<\/p>\n<p>Tornarem al nostre horari habitual el dilluns 2 de setembre.<\/p>\n<p>&nbsp;<\/p>\n<h2><strong>Feli\u00e7 estiu!!!!!!!<\/strong><\/h2>\n<\/div>\n<\/div>\n<\/div>\n<\/div>\n<\/div>\n<\/div>\n","protected":false},"excerpt":{"rendered":"<p>No importa la destinaci\u00f3, nom\u00e9s gaudeix el merescut descans. Durant el mes d&#8217;agost obrirem els dimecres 7,14 i 21 de 12.00 a 18.00 hores per a atendre les urg\u00e8ncies. Tornarem al nostre horari habitual el dilluns 2 de setembre. &nbsp; Feli\u00e7 estiu!!!!!!!<\/p>\n","protected":false},"author":7,"featured_media":6453,"comment_status":"open","ping_status":"closed","sticky":false,"template":"","format":"standard","meta":{"footnotes":""},"categories":[12],"tags":[],"class_list":["post-6457","post","type-post","status-publish","format-standard","has-post-thumbnail","hentry","category-noticia-portada-ca"],"yoast_head":"<!-- This site is optimized with the Yoast SEO Premium plugin v21.5 (Yoast SEO v27.3) - https:\/\/yoast.com\/product\/yoast-seo-premium-wordpress\/ -->\n<title>Horari d&#039;Agost - Cl\u00ednica Dental Padr\u00f3s<\/title>\n<meta name=\"description\" content=\"Horari d&#039;agost a Cl\u00ednica Padr\u00f3s: Consulta els nostres horaris especials d&#039;atenci\u00f3 durant el mes d&#039;agost. T&#039;esperem!\" \/>\n<meta name=\"robots\" content=\"index, follow, max-snippet:-1, max-image-preview:large, max-video-preview:-1\" \/>\n<link rel=\"canonical\" href=\"https:\/\/clinicapadros.com\/ca\/noticia-portada-ca\/horari-dagost\/\" \/>\n<meta property=\"og:locale\" content=\"ca_ES\" \/>\n<meta property=\"og:type\" content=\"article\" \/>\n<meta property=\"og:title\" content=\"Horari d&#039;Agost\" \/>\n<meta property=\"og:description\" content=\"Horari d&#039;agost a Cl\u00ednica Padr\u00f3s: Consulta els nostres horaris especials d&#039;atenci\u00f3 durant el mes d&#039;agost. T&#039;esperem!\" \/>\n<meta property=\"og:url\" content=\"https:\/\/clinicapadros.com\/ca\/noticia-portada-ca\/horari-dagost\/\" \/>\n<meta property=\"og:site_name\" content=\"Cl\u00ednica Dental Padr\u00f3s\" \/>\n<meta property=\"article:publisher\" content=\"http:\/\/www.facebook.com\/clinicapadros\" \/>\n<meta property=\"article:published_time\" content=\"2019-07-31T09:09:46+00:00\" \/>\n<meta property=\"article:modified_time\" content=\"2024-05-17T12:53:26+00:00\" \/>\n<meta property=\"og:image\" content=\"https:\/\/clinicapadros.com\/wp-content\/uploads\/2019\/07\/horario-verano.jpg\" \/>\n\t<meta property=\"og:image:width\" content=\"2232\" \/>\n\t<meta property=\"og:image:height\" content=\"2112\" \/>\n\t<meta property=\"og:image:type\" content=\"image\/jpeg\" \/>\n<meta name=\"author\" content=\"Jos\u00e9 Luis Padr\u00f3s\" \/>\n<meta name=\"twitter:card\" content=\"summary_large_image\" \/>\n<meta name=\"twitter:creator\" content=\"@clinicapadros\" \/>\n<meta name=\"twitter:site\" content=\"@clinicapadros\" \/>\n<meta name=\"twitter:label1\" content=\"Written by\" \/>\n\t<meta name=\"twitter:data1\" content=\"Jos\u00e9 Luis Padr\u00f3s\" \/>\n\t<meta name=\"twitter:label2\" content=\"Est. reading time\" \/>\n\t<meta name=\"twitter:data2\" content=\"1 minute\" \/>\n<script type=\"application\/ld+json\" class=\"yoast-schema-graph\">{\"@context\":\"https:\\\/\\\/schema.org\",\"@graph\":[{\"@type\":\"Article\",\"@id\":\"https:\\\/\\\/clinicapadros.com\\\/ca\\\/noticia-portada-ca\\\/horari-dagost\\\/#article\",\"isPartOf\":{\"@id\":\"https:\\\/\\\/clinicapadros.com\\\/ca\\\/noticia-portada-ca\\\/horari-dagost\\\/\"},\"author\":{\"name\":\"Jos\u00e9 Luis Padr\u00f3s\",\"@id\":\"https:\\\/\\\/clinicapadros.com\\\/ca\\\/#\\\/schema\\\/person\\\/1f1727592203e6c6127e0b61bc295430\"},\"headline\":\"Horari d&#8217;Agost\",\"datePublished\":\"2019-07-31T09:09:46+00:00\",\"dateModified\":\"2024-05-17T12:53:26+00:00\",\"mainEntityOfPage\":{\"@id\":\"https:\\\/\\\/clinicapadros.com\\\/ca\\\/noticia-portada-ca\\\/horari-dagost\\\/\"},\"wordCount\":43,\"commentCount\":0,\"publisher\":{\"@id\":\"https:\\\/\\\/clinicapadros.com\\\/ca\\\/#organization\"},\"image\":{\"@id\":\"https:\\\/\\\/clinicapadros.com\\\/ca\\\/noticia-portada-ca\\\/horari-dagost\\\/#primaryimage\"},\"thumbnailUrl\":\"https:\\\/\\\/clinicapadros.com\\\/wp-content\\\/uploads\\\/2019\\\/07\\\/horario-verano.jpg\",\"articleSection\":[\"Noticia portada\"],\"inLanguage\":\"ca-ES\",\"potentialAction\":[{\"@type\":\"CommentAction\",\"name\":\"Comment\",\"target\":[\"https:\\\/\\\/clinicapadros.com\\\/ca\\\/noticia-portada-ca\\\/horari-dagost\\\/#respond\"]}]},{\"@type\":\"WebPage\",\"@id\":\"https:\\\/\\\/clinicapadros.com\\\/ca\\\/noticia-portada-ca\\\/horari-dagost\\\/\",\"url\":\"https:\\\/\\\/clinicapadros.com\\\/ca\\\/noticia-portada-ca\\\/horari-dagost\\\/\",\"name\":\"Horari d'Agost - Cl\u00ednica Dental Padr\u00f3s\",\"isPartOf\":{\"@id\":\"https:\\\/\\\/clinicapadros.com\\\/ca\\\/#website\"},\"primaryImageOfPage\":{\"@id\":\"https:\\\/\\\/clinicapadros.com\\\/ca\\\/noticia-portada-ca\\\/horari-dagost\\\/#primaryimage\"},\"image\":{\"@id\":\"https:\\\/\\\/clinicapadros.com\\\/ca\\\/noticia-portada-ca\\\/horari-dagost\\\/#primaryimage\"},\"thumbnailUrl\":\"https:\\\/\\\/clinicapadros.com\\\/wp-content\\\/uploads\\\/2019\\\/07\\\/horario-verano.jpg\",\"datePublished\":\"2019-07-31T09:09:46+00:00\",\"dateModified\":\"2024-05-17T12:53:26+00:00\",\"description\":\"Horari d'agost a Cl\u00ednica Padr\u00f3s: Consulta els nostres horaris especials d'atenci\u00f3 durant el mes d'agost. T'esperem!\",\"breadcrumb\":{\"@id\":\"https:\\\/\\\/clinicapadros.com\\\/ca\\\/noticia-portada-ca\\\/horari-dagost\\\/#breadcrumb\"},\"inLanguage\":\"ca-ES\",\"potentialAction\":[{\"@type\":\"ReadAction\",\"target\":[\"https:\\\/\\\/clinicapadros.com\\\/ca\\\/noticia-portada-ca\\\/horari-dagost\\\/\"]}]},{\"@type\":\"ImageObject\",\"inLanguage\":\"ca-ES\",\"@id\":\"https:\\\/\\\/clinicapadros.com\\\/ca\\\/noticia-portada-ca\\\/horari-dagost\\\/#primaryimage\",\"url\":\"https:\\\/\\\/clinicapadros.com\\\/wp-content\\\/uploads\\\/2019\\\/07\\\/horario-verano.jpg\",\"contentUrl\":\"https:\\\/\\\/clinicapadros.com\\\/wp-content\\\/uploads\\\/2019\\\/07\\\/horario-verano.jpg\",\"width\":2232,\"height\":2112},{\"@type\":\"BreadcrumbList\",\"@id\":\"https:\\\/\\\/clinicapadros.com\\\/ca\\\/noticia-portada-ca\\\/horari-dagost\\\/#breadcrumb\",\"itemListElement\":[{\"@type\":\"ListItem\",\"position\":1,\"name\":\"Home\",\"item\":\"https:\\\/\\\/clinicapadros.com\\\/ca\\\/\"},{\"@type\":\"ListItem\",\"position\":2,\"name\":\"Noticia portada\",\"item\":\"https:\\\/\\\/clinicapadros.com\\\/ca\\\/noticia-portada-ca\\\/\"},{\"@type\":\"ListItem\",\"position\":3,\"name\":\"Horari d&#8217;Agost\"}]},{\"@type\":\"WebSite\",\"@id\":\"https:\\\/\\\/clinicapadros.com\\\/ca\\\/#website\",\"url\":\"https:\\\/\\\/clinicapadros.com\\\/ca\\\/\",\"name\":\"Cl\u00ednica Dental Padr\u00f3s\",\"description\":\"Buen dentista en Barcelona\",\"publisher\":{\"@id\":\"https:\\\/\\\/clinicapadros.com\\\/ca\\\/#organization\"},\"potentialAction\":[{\"@type\":\"SearchAction\",\"target\":{\"@type\":\"EntryPoint\",\"urlTemplate\":\"https:\\\/\\\/clinicapadros.com\\\/ca\\\/?s={search_term_string}\"},\"query-input\":{\"@type\":\"PropertyValueSpecification\",\"valueRequired\":true,\"valueName\":\"search_term_string\"}}],\"inLanguage\":\"ca-ES\"},{\"@type\":\"Organization\",\"@id\":\"https:\\\/\\\/clinicapadros.com\\\/ca\\\/#organization\",\"name\":\"Cl\u00ednica Dental Padr\u00f3s\",\"url\":\"https:\\\/\\\/clinicapadros.com\\\/ca\\\/\",\"logo\":{\"@type\":\"ImageObject\",\"inLanguage\":\"ca-ES\",\"@id\":\"https:\\\/\\\/clinicapadros.com\\\/ca\\\/#\\\/schema\\\/logo\\\/image\\\/\",\"url\":\"https:\\\/\\\/clinicapadros.com\\\/wp-content\\\/uploads\\\/2017\\\/04\\\/logo-clinica-dental-padros.jpg\",\"contentUrl\":\"https:\\\/\\\/clinicapadros.com\\\/wp-content\\\/uploads\\\/2017\\\/04\\\/logo-clinica-dental-padros.jpg\",\"width\":365,\"height\":80,\"caption\":\"Cl\u00ednica Dental Padr\u00f3s\"},\"image\":{\"@id\":\"https:\\\/\\\/clinicapadros.com\\\/ca\\\/#\\\/schema\\\/logo\\\/image\\\/\"},\"sameAs\":[\"http:\\\/\\\/www.facebook.com\\\/clinicapadros\",\"https:\\\/\\\/x.com\\\/clinicapadros\",\"https:\\\/\\\/instagram.com\\\/clinicapadros\",\"https:\\\/\\\/es.pinterest.com\\\/clinicapadros\\\/\",\"https:\\\/\\\/www.youtube.com\\\/clinicapadros\"]},{\"@type\":\"Person\",\"@id\":\"https:\\\/\\\/clinicapadros.com\\\/ca\\\/#\\\/schema\\\/person\\\/1f1727592203e6c6127e0b61bc295430\",\"name\":\"Jos\u00e9 Luis Padr\u00f3s\",\"image\":{\"@type\":\"ImageObject\",\"inLanguage\":\"ca-ES\",\"@id\":\"https:\\\/\\\/secure.gravatar.com\\\/avatar\\\/a2319c1e449b5f5fdf77b7bf98fc41f27e362e19958dbf0d56fe90d07a7145f7?s=96&d=mm&r=g\",\"url\":\"https:\\\/\\\/secure.gravatar.com\\\/avatar\\\/a2319c1e449b5f5fdf77b7bf98fc41f27e362e19958dbf0d56fe90d07a7145f7?s=96&d=mm&r=g\",\"contentUrl\":\"https:\\\/\\\/secure.gravatar.com\\\/avatar\\\/a2319c1e449b5f5fdf77b7bf98fc41f27e362e19958dbf0d56fe90d07a7145f7?s=96&d=mm&r=g\",\"caption\":\"Jos\u00e9 Luis Padr\u00f3s\"}}]}<\/script>\n<!-- \/ Yoast SEO Premium plugin. -->","yoast_head_json":{"title":"Horari d'Agost - Cl\u00ednica Dental Padr\u00f3s","description":"Horari d'agost a Cl\u00ednica Padr\u00f3s: Consulta els nostres horaris especials d'atenci\u00f3 durant el mes d'agost. T'esperem!","robots":{"index":"index","follow":"follow","max-snippet":"max-snippet:-1","max-image-preview":"max-image-preview:large","max-video-preview":"max-video-preview:-1"},"canonical":"https:\/\/clinicapadros.com\/ca\/noticia-portada-ca\/horari-dagost\/","og_locale":"ca_ES","og_type":"article","og_title":"Horari d'Agost","og_description":"Horari d'agost a Cl\u00ednica Padr\u00f3s: Consulta els nostres horaris especials d'atenci\u00f3 durant el mes d'agost. T'esperem!","og_url":"https:\/\/clinicapadros.com\/ca\/noticia-portada-ca\/horari-dagost\/","og_site_name":"Cl\u00ednica Dental Padr\u00f3s","article_publisher":"http:\/\/www.facebook.com\/clinicapadros","article_published_time":"2019-07-31T09:09:46+00:00","article_modified_time":"2024-05-17T12:53:26+00:00","og_image":[{"width":2232,"height":2112,"url":"https:\/\/clinicapadros.com\/wp-content\/uploads\/2019\/07\/horario-verano.jpg","type":"image\/jpeg"}],"author":"Jos\u00e9 Luis Padr\u00f3s","twitter_card":"summary_large_image","twitter_creator":"@clinicapadros","twitter_site":"@clinicapadros","twitter_misc":{"Written by":"Jos\u00e9 Luis Padr\u00f3s","Est. reading time":"1 minute"},"schema":{"@context":"https:\/\/schema.org","@graph":[{"@type":"Article","@id":"https:\/\/clinicapadros.com\/ca\/noticia-portada-ca\/horari-dagost\/#article","isPartOf":{"@id":"https:\/\/clinicapadros.com\/ca\/noticia-portada-ca\/horari-dagost\/"},"author":{"name":"Jos\u00e9 Luis Padr\u00f3s","@id":"https:\/\/clinicapadros.com\/ca\/#\/schema\/person\/1f1727592203e6c6127e0b61bc295430"},"headline":"Horari d&#8217;Agost","datePublished":"2019-07-31T09:09:46+00:00","dateModified":"2024-05-17T12:53:26+00:00","mainEntityOfPage":{"@id":"https:\/\/clinicapadros.com\/ca\/noticia-portada-ca\/horari-dagost\/"},"wordCount":43,"commentCount":0,"publisher":{"@id":"https:\/\/clinicapadros.com\/ca\/#organization"},"image":{"@id":"https:\/\/clinicapadros.com\/ca\/noticia-portada-ca\/horari-dagost\/#primaryimage"},"thumbnailUrl":"https:\/\/clinicapadros.com\/wp-content\/uploads\/2019\/07\/horario-verano.jpg","articleSection":["Noticia portada"],"inLanguage":"ca-ES","potentialAction":[{"@type":"CommentAction","name":"Comment","target":["https:\/\/clinicapadros.com\/ca\/noticia-portada-ca\/horari-dagost\/#respond"]}]},{"@type":"WebPage","@id":"https:\/\/clinicapadros.com\/ca\/noticia-portada-ca\/horari-dagost\/","url":"https:\/\/clinicapadros.com\/ca\/noticia-portada-ca\/horari-dagost\/","name":"Horari d'Agost - Cl\u00ednica Dental Padr\u00f3s","isPartOf":{"@id":"https:\/\/clinicapadros.com\/ca\/#website"},"primaryImageOfPage":{"@id":"https:\/\/clinicapadros.com\/ca\/noticia-portada-ca\/horari-dagost\/#primaryimage"},"image":{"@id":"https:\/\/clinicapadros.com\/ca\/noticia-portada-ca\/horari-dagost\/#primaryimage"},"thumbnailUrl":"https:\/\/clinicapadros.com\/wp-content\/uploads\/2019\/07\/horario-verano.jpg","datePublished":"2019-07-31T09:09:46+00:00","dateModified":"2024-05-17T12:53:26+00:00","description":"Horari d'agost a Cl\u00ednica Padr\u00f3s: Consulta els nostres horaris especials d'atenci\u00f3 durant el mes d'agost. T'esperem!","breadcrumb":{"@id":"https:\/\/clinicapadros.com\/ca\/noticia-portada-ca\/horari-dagost\/#breadcrumb"},"inLanguage":"ca-ES","potentialAction":[{"@type":"ReadAction","target":["https:\/\/clinicapadros.com\/ca\/noticia-portada-ca\/horari-dagost\/"]}]},{"@type":"ImageObject","inLanguage":"ca-ES","@id":"https:\/\/clinicapadros.com\/ca\/noticia-portada-ca\/horari-dagost\/#primaryimage","url":"https:\/\/clinicapadros.com\/wp-content\/uploads\/2019\/07\/horario-verano.jpg","contentUrl":"https:\/\/clinicapadros.com\/wp-content\/uploads\/2019\/07\/horario-verano.jpg","width":2232,"height":2112},{"@type":"BreadcrumbList","@id":"https:\/\/clinicapadros.com\/ca\/noticia-portada-ca\/horari-dagost\/#breadcrumb","itemListElement":[{"@type":"ListItem","position":1,"name":"Home","item":"https:\/\/clinicapadros.com\/ca\/"},{"@type":"ListItem","position":2,"name":"Noticia portada","item":"https:\/\/clinicapadros.com\/ca\/noticia-portada-ca\/"},{"@type":"ListItem","position":3,"name":"Horari d&#8217;Agost"}]},{"@type":"WebSite","@id":"https:\/\/clinicapadros.com\/ca\/#website","url":"https:\/\/clinicapadros.com\/ca\/","name":"Cl\u00ednica Dental Padr\u00f3s","description":"Buen dentista en Barcelona","publisher":{"@id":"https:\/\/clinicapadros.com\/ca\/#organization"},"potentialAction":[{"@type":"SearchAction","target":{"@type":"EntryPoint","urlTemplate":"https:\/\/clinicapadros.com\/ca\/?s={search_term_string}"},"query-input":{"@type":"PropertyValueSpecification","valueRequired":true,"valueName":"search_term_string"}}],"inLanguage":"ca-ES"},{"@type":"Organization","@id":"https:\/\/clinicapadros.com\/ca\/#organization","name":"Cl\u00ednica Dental Padr\u00f3s","url":"https:\/\/clinicapadros.com\/ca\/","logo":{"@type":"ImageObject","inLanguage":"ca-ES","@id":"https:\/\/clinicapadros.com\/ca\/#\/schema\/logo\/image\/","url":"https:\/\/clinicapadros.com\/wp-content\/uploads\/2017\/04\/logo-clinica-dental-padros.jpg","contentUrl":"https:\/\/clinicapadros.com\/wp-content\/uploads\/2017\/04\/logo-clinica-dental-padros.jpg","width":365,"height":80,"caption":"Cl\u00ednica Dental Padr\u00f3s"},"image":{"@id":"https:\/\/clinicapadros.com\/ca\/#\/schema\/logo\/image\/"},"sameAs":["http:\/\/www.facebook.com\/clinicapadros","https:\/\/x.com\/clinicapadros","https:\/\/instagram.com\/clinicapadros","https:\/\/es.pinterest.com\/clinicapadros\/","https:\/\/www.youtube.com\/clinicapadros"]},{"@type":"Person","@id":"https:\/\/clinicapadros.com\/ca\/#\/schema\/person\/1f1727592203e6c6127e0b61bc295430","name":"Jos\u00e9 Luis Padr\u00f3s","image":{"@type":"ImageObject","inLanguage":"ca-ES","@id":"https:\/\/secure.gravatar.com\/avatar\/a2319c1e449b5f5fdf77b7bf98fc41f27e362e19958dbf0d56fe90d07a7145f7?s=96&d=mm&r=g","url":"https:\/\/secure.gravatar.com\/avatar\/a2319c1e449b5f5fdf77b7bf98fc41f27e362e19958dbf0d56fe90d07a7145f7?s=96&d=mm&r=g","contentUrl":"https:\/\/secure.gravatar.com\/avatar\/a2319c1e449b5f5fdf77b7bf98fc41f27e362e19958dbf0d56fe90d07a7145f7?s=96&d=mm&r=g","caption":"Jos\u00e9 Luis Padr\u00f3s"}}]}},"_links":{"self":[{"href":"https:\/\/clinicapadros.com\/ca\/wp-json\/wp\/v2\/posts\/6457","targetHints":{"allow":["GET"]}}],"collection":[{"href":"https:\/\/clinicapadros.com\/ca\/wp-json\/wp\/v2\/posts"}],"about":[{"href":"https:\/\/clinicapadros.com\/ca\/wp-json\/wp\/v2\/types\/post"}],"author":[{"embeddable":true,"href":"https:\/\/clinicapadros.com\/ca\/wp-json\/wp\/v2\/users\/7"}],"replies":[{"embeddable":true,"href":"https:\/\/clinicapadros.com\/ca\/wp-json\/wp\/v2\/comments?post=6457"}],"version-history":[{"count":2,"href":"https:\/\/clinicapadros.com\/ca\/wp-json\/wp\/v2\/posts\/6457\/revisions"}],"predecessor-version":[{"id":17443,"href":"https:\/\/clinicapadros.com\/ca\/wp-json\/wp\/v2\/posts\/6457\/revisions\/17443"}],"wp:featuredmedia":[{"embeddable":true,"href":"https:\/\/clinicapadros.com\/ca\/wp-json\/wp\/v2\/media\/6453"}],"wp:attachment":[{"href":"https:\/\/clinicapadros.com\/ca\/wp-json\/wp\/v2\/media?parent=6457"}],"wp:term":[{"taxonomy":"category","embeddable":true,"href":"https:\/\/clinicapadros.com\/ca\/wp-json\/wp\/v2\/categories?post=6457"},{"taxonomy":"post_tag","embeddable":true,"href":"https:\/\/clinicapadros.com\/ca\/wp-json\/wp\/v2\/tags?post=6457"}],"curies":[{"name":"wp","href":"https:\/\/api.w.org\/{rel}","templated":true}]}}