{"id":5820,"date":"2018-04-23T10:55:51","date_gmt":"2018-04-23T08:55:51","guid":{"rendered":"http:\/\/duo.cat\/?p=5820"},"modified":"2024-05-17T15:01:53","modified_gmt":"2024-05-17T13:01:53","slug":"sant-jordi-2018","status":"publish","type":"post","link":"https:\/\/clinicapadros.com\/ca\/noticia-portada-ca\/sant-jordi-2018\/","title":{"rendered":"Sant Jordi 2018"},"content":{"rendered":"<div id=\"pl-5820\"  class=\"panel-layout\" >\n<div id=\"pg-5820-0\"  class=\"panel-grid panel-no-style\" >\n<div id=\"pgc-5820-0-0\"  class=\"panel-grid-cell\"  data-weight=\"1\" >\n<div id=\"panel-5820-0-0-0\" class=\"so-panel widget widget_sow-editor panel-first-child\" data-index=\"0\" data-style=\"{&quot;background_display&quot;:&quot;tile&quot;}\" >\n<div\n\t\t\t\n\t\t\tclass=\"so-widget-sow-editor so-widget-sow-editor-base\"\n\t\t\t\n\t\t><\/p>\n<div class=\"siteorigin-widget-tinymce textwidget\">\n<p>Tot l&#8217;equip de Cl\u00ednica Dental Padr\u00f3s estem molt feli\u00e7os de poder compartir aquest dia tan especial amb els nostres pacients. Us volem desitjar un Feli\u00e7 Sant Jordi!\u00a0<span class=\"_5mfr _47e3\"><img decoding=\"async\" class=\"img\" role=\"presentation\" src=\"https:\/\/www.facebook.com\/images\/emoji.php\/v9\/f71\/1\/16\/1f339.png\" alt=\"\" width=\"16\" height=\"16\" \/><\/span><span class=\"_5mfr _47e3\"><img decoding=\"async\" class=\"img\" role=\"presentation\" src=\"https:\/\/www.facebook.com\/images\/emoji.php\/v9\/fd5\/1\/16\/1f409.png\" alt=\"\" width=\"16\" height=\"16\" \/><\/span><\/p>\n<p>Moltes gr\u00e0cies al Dr. Esteve Padr\u00f3s per la magn\u00edfica il\u00b7lustraci\u00f3. Est\u00e0 fet tot un artista!<\/p>\n<\/div>\n<\/div>\n<\/div>\n<div id=\"panel-5820-0-0-1\" class=\"so-panel widget widget_sow-image panel-last-child\" data-index=\"1\" data-style=\"{&quot;background_display&quot;:&quot;tile&quot;}\" >[siteorigin_widget class=&#8221;SiteOrigin_Widget_Image_Widget&#8221;]<input type=\"hidden\" value=\"{&quot;instance&quot;:{&quot;image&quot;:5816,&quot;image_fallback&quot;:&quot;&quot;,&quot;size&quot;:&quot;full&quot;,&quot;align&quot;:&quot;center&quot;,&quot;title_align&quot;:&quot;default&quot;,&quot;title&quot;:&quot;Sant Jordi 2018&quot;,&quot;title_position&quot;:&quot;hidden&quot;,&quot;alt&quot;:&quot;Sant Jordi 2018&quot;,&quot;url&quot;:&quot;&quot;,&quot;bound&quot;:true,&quot;_sow_form_id&quot;:&quot;15179984775add9f1510894426789022&quot;,&quot;_sow_form_timestamp&quot;:&quot;1524473635774&quot;,&quot;widget_logic&quot;:&quot;&quot;,&quot;new_window&quot;:false,&quot;full_width&quot;:false,&quot;so_sidebar_emulator_id&quot;:&quot;sow-image-582010001&quot;,&quot;option_name&quot;:&quot;widget_sow-image&quot;},&quot;args&quot;:{&quot;before_widget&quot;:&quot;&lt;div id=\\&quot;panel-5820-0-0-1\\&quot; class=\\&quot;so-panel widget widget_sow-image panel-last-child\\&quot; data-index=\\&quot;1\\&quot; data-style=\\&quot;{&amp;quot;background_display&amp;quot;:&amp;quot;tile&amp;quot;}\\&quot; &gt;&quot;,&quot;after_widget&quot;:&quot;&lt;\\\/div&gt;&quot;,&quot;before_title&quot;:&quot;&lt;h3 class=\\&quot;widget-title\\&quot;&gt;&quot;,&quot;after_title&quot;:&quot;&lt;\\\/h3&gt;&quot;,&quot;widget_id&quot;:&quot;widget-0-0-1&quot;}}\" \/>[\/siteorigin_widget]<\/div>\n<\/div>\n<\/div>\n<\/div>\n","protected":false},"excerpt":{"rendered":"<p>Tot l&#8217;equip de Cl\u00ednica Dental Padr\u00f3s estem molt feli\u00e7os de poder compartir aquest dia tan especial amb els nostres pacients. Us volem desitjar un Feli\u00e7 Sant Jordi!\u00a0 Moltes gr\u00e0cies al Dr. Esteve Padr\u00f3s per la magn\u00edfica il\u00b7lustraci\u00f3. Est\u00e0 fet tot un artista! [siteorigin_widget class=&#8221;SiteOrigin_Widget_Image_Widget&#8221;][\/siteorigin_widget]<\/p>\n","protected":false},"author":7,"featured_media":5816,"comment_status":"open","ping_status":"closed","sticky":false,"template":"","format":"standard","meta":{"footnotes":""},"categories":[12],"tags":[],"class_list":["post-5820","post","type-post","status-publish","format-standard","has-post-thumbnail","hentry","category-noticia-portada-ca"],"yoast_head":"<!-- This site is optimized with the Yoast SEO Premium plugin v21.5 (Yoast SEO v27.3) - https:\/\/yoast.com\/product\/yoast-seo-premium-wordpress\/ -->\n<title>Sant Jordi 2018 - Cl\u00ednica Dental Padr\u00f3s<\/title>\n<meta name=\"description\" content=\"Tot l&#039;equip de Cl\u00ednica Dental Padr\u00f3s estem molt feli\u00e7os de poder compartir aquest dia tan especial amb els nostres pacients. Us volem desitjar un Feli\u00e7 Sant Jordi!\u00a0\" \/>\n<meta name=\"robots\" content=\"index, follow, max-snippet:-1, max-image-preview:large, max-video-preview:-1\" \/>\n<link rel=\"canonical\" href=\"https:\/\/clinicapadros.com\/ca\/noticia-portada-ca\/sant-jordi-2018\/\" \/>\n<meta property=\"og:locale\" content=\"ca_ES\" \/>\n<meta property=\"og:type\" content=\"article\" \/>\n<meta property=\"og:title\" content=\"Sant Jordi 2018\" \/>\n<meta property=\"og:description\" content=\"Tot l&#039;equip de Cl\u00ednica Dental Padr\u00f3s estem molt feli\u00e7os de poder compartir aquest dia tan especial amb els nostres pacients. Us volem desitjar un Feli\u00e7 Sant Jordi!\u00a0\" \/>\n<meta property=\"og:url\" content=\"https:\/\/clinicapadros.com\/ca\/noticia-portada-ca\/sant-jordi-2018\/\" \/>\n<meta property=\"og:site_name\" content=\"Cl\u00ednica Dental Padr\u00f3s\" \/>\n<meta property=\"article:publisher\" content=\"http:\/\/www.facebook.com\/clinicapadros\" \/>\n<meta property=\"article:published_time\" content=\"2018-04-23T08:55:51+00:00\" \/>\n<meta property=\"article:modified_time\" content=\"2024-05-17T13:01:53+00:00\" \/>\n<meta property=\"og:image\" content=\"https:\/\/clinicapadros.com\/wp-content\/uploads\/2018\/04\/Sant-Jordi-2018.jpeg\" \/>\n\t<meta property=\"og:image:width\" content=\"1600\" \/>\n\t<meta property=\"og:image:height\" content=\"1198\" \/>\n\t<meta property=\"og:image:type\" content=\"image\/jpeg\" \/>\n<meta name=\"author\" content=\"Jos\u00e9 Luis Padr\u00f3s\" \/>\n<meta name=\"twitter:card\" content=\"summary_large_image\" \/>\n<meta name=\"twitter:creator\" content=\"@clinicapadros\" \/>\n<meta name=\"twitter:site\" content=\"@clinicapadros\" \/>\n<meta name=\"twitter:label1\" content=\"Written by\" \/>\n\t<meta name=\"twitter:data1\" content=\"Jos\u00e9 Luis Padr\u00f3s\" \/>\n\t<meta name=\"twitter:label2\" content=\"Est. reading time\" \/>\n\t<meta name=\"twitter:data2\" content=\"1 minute\" \/>\n<script type=\"application\/ld+json\" class=\"yoast-schema-graph\">{\"@context\":\"https:\\\/\\\/schema.org\",\"@graph\":[{\"@type\":\"Article\",\"@id\":\"https:\\\/\\\/clinicapadros.com\\\/ca\\\/noticia-portada-ca\\\/sant-jordi-2018\\\/#article\",\"isPartOf\":{\"@id\":\"https:\\\/\\\/clinicapadros.com\\\/ca\\\/noticia-portada-ca\\\/sant-jordi-2018\\\/\"},\"author\":{\"name\":\"Jos\u00e9 Luis Padr\u00f3s\",\"@id\":\"https:\\\/\\\/clinicapadros.com\\\/ca\\\/#\\\/schema\\\/person\\\/1f1727592203e6c6127e0b61bc295430\"},\"headline\":\"Sant Jordi 2018\",\"datePublished\":\"2018-04-23T08:55:51+00:00\",\"dateModified\":\"2024-05-17T13:01:53+00:00\",\"mainEntityOfPage\":{\"@id\":\"https:\\\/\\\/clinicapadros.com\\\/ca\\\/noticia-portada-ca\\\/sant-jordi-2018\\\/\"},\"wordCount\":61,\"commentCount\":0,\"publisher\":{\"@id\":\"https:\\\/\\\/clinicapadros.com\\\/ca\\\/#organization\"},\"image\":{\"@id\":\"https:\\\/\\\/clinicapadros.com\\\/ca\\\/noticia-portada-ca\\\/sant-jordi-2018\\\/#primaryimage\"},\"thumbnailUrl\":\"https:\\\/\\\/clinicapadros.com\\\/wp-content\\\/uploads\\\/2018\\\/04\\\/Sant-Jordi-2018.jpeg\",\"articleSection\":[\"Noticia portada\"],\"inLanguage\":\"ca-ES\",\"potentialAction\":[{\"@type\":\"CommentAction\",\"name\":\"Comment\",\"target\":[\"https:\\\/\\\/clinicapadros.com\\\/ca\\\/noticia-portada-ca\\\/sant-jordi-2018\\\/#respond\"]}]},{\"@type\":\"WebPage\",\"@id\":\"https:\\\/\\\/clinicapadros.com\\\/ca\\\/noticia-portada-ca\\\/sant-jordi-2018\\\/\",\"url\":\"https:\\\/\\\/clinicapadros.com\\\/ca\\\/noticia-portada-ca\\\/sant-jordi-2018\\\/\",\"name\":\"Sant Jordi 2018 - Cl\u00ednica Dental Padr\u00f3s\",\"isPartOf\":{\"@id\":\"https:\\\/\\\/clinicapadros.com\\\/ca\\\/#website\"},\"primaryImageOfPage\":{\"@id\":\"https:\\\/\\\/clinicapadros.com\\\/ca\\\/noticia-portada-ca\\\/sant-jordi-2018\\\/#primaryimage\"},\"image\":{\"@id\":\"https:\\\/\\\/clinicapadros.com\\\/ca\\\/noticia-portada-ca\\\/sant-jordi-2018\\\/#primaryimage\"},\"thumbnailUrl\":\"https:\\\/\\\/clinicapadros.com\\\/wp-content\\\/uploads\\\/2018\\\/04\\\/Sant-Jordi-2018.jpeg\",\"datePublished\":\"2018-04-23T08:55:51+00:00\",\"dateModified\":\"2024-05-17T13:01:53+00:00\",\"description\":\"Tot l'equip de Cl\u00ednica Dental Padr\u00f3s estem molt feli\u00e7os de poder compartir aquest dia tan especial amb els nostres pacients. Us volem desitjar un Feli\u00e7 Sant Jordi!\u00a0\",\"breadcrumb\":{\"@id\":\"https:\\\/\\\/clinicapadros.com\\\/ca\\\/noticia-portada-ca\\\/sant-jordi-2018\\\/#breadcrumb\"},\"inLanguage\":\"ca-ES\",\"potentialAction\":[{\"@type\":\"ReadAction\",\"target\":[\"https:\\\/\\\/clinicapadros.com\\\/ca\\\/noticia-portada-ca\\\/sant-jordi-2018\\\/\"]}]},{\"@type\":\"ImageObject\",\"inLanguage\":\"ca-ES\",\"@id\":\"https:\\\/\\\/clinicapadros.com\\\/ca\\\/noticia-portada-ca\\\/sant-jordi-2018\\\/#primaryimage\",\"url\":\"https:\\\/\\\/clinicapadros.com\\\/wp-content\\\/uploads\\\/2018\\\/04\\\/Sant-Jordi-2018.jpeg\",\"contentUrl\":\"https:\\\/\\\/clinicapadros.com\\\/wp-content\\\/uploads\\\/2018\\\/04\\\/Sant-Jordi-2018.jpeg\",\"width\":1600,\"height\":1198,\"caption\":\"Sant Jordi 2018\"},{\"@type\":\"BreadcrumbList\",\"@id\":\"https:\\\/\\\/clinicapadros.com\\\/ca\\\/noticia-portada-ca\\\/sant-jordi-2018\\\/#breadcrumb\",\"itemListElement\":[{\"@type\":\"ListItem\",\"position\":1,\"name\":\"Home\",\"item\":\"https:\\\/\\\/clinicapadros.com\\\/ca\\\/\"},{\"@type\":\"ListItem\",\"position\":2,\"name\":\"Noticia portada\",\"item\":\"https:\\\/\\\/clinicapadros.com\\\/ca\\\/noticia-portada-ca\\\/\"},{\"@type\":\"ListItem\",\"position\":3,\"name\":\"Sant Jordi 2018\"}]},{\"@type\":\"WebSite\",\"@id\":\"https:\\\/\\\/clinicapadros.com\\\/ca\\\/#website\",\"url\":\"https:\\\/\\\/clinicapadros.com\\\/ca\\\/\",\"name\":\"Cl\u00ednica Dental Padr\u00f3s\",\"description\":\"Buen dentista en Barcelona\",\"publisher\":{\"@id\":\"https:\\\/\\\/clinicapadros.com\\\/ca\\\/#organization\"},\"potentialAction\":[{\"@type\":\"SearchAction\",\"target\":{\"@type\":\"EntryPoint\",\"urlTemplate\":\"https:\\\/\\\/clinicapadros.com\\\/ca\\\/?s={search_term_string}\"},\"query-input\":{\"@type\":\"PropertyValueSpecification\",\"valueRequired\":true,\"valueName\":\"search_term_string\"}}],\"inLanguage\":\"ca-ES\"},{\"@type\":\"Organization\",\"@id\":\"https:\\\/\\\/clinicapadros.com\\\/ca\\\/#organization\",\"name\":\"Cl\u00ednica Dental Padr\u00f3s\",\"url\":\"https:\\\/\\\/clinicapadros.com\\\/ca\\\/\",\"logo\":{\"@type\":\"ImageObject\",\"inLanguage\":\"ca-ES\",\"@id\":\"https:\\\/\\\/clinicapadros.com\\\/ca\\\/#\\\/schema\\\/logo\\\/image\\\/\",\"url\":\"https:\\\/\\\/clinicapadros.com\\\/wp-content\\\/uploads\\\/2017\\\/04\\\/logo-clinica-dental-padros.jpg\",\"contentUrl\":\"https:\\\/\\\/clinicapadros.com\\\/wp-content\\\/uploads\\\/2017\\\/04\\\/logo-clinica-dental-padros.jpg\",\"width\":365,\"height\":80,\"caption\":\"Cl\u00ednica Dental Padr\u00f3s\"},\"image\":{\"@id\":\"https:\\\/\\\/clinicapadros.com\\\/ca\\\/#\\\/schema\\\/logo\\\/image\\\/\"},\"sameAs\":[\"http:\\\/\\\/www.facebook.com\\\/clinicapadros\",\"https:\\\/\\\/x.com\\\/clinicapadros\",\"https:\\\/\\\/instagram.com\\\/clinicapadros\",\"https:\\\/\\\/es.pinterest.com\\\/clinicapadros\\\/\",\"https:\\\/\\\/www.youtube.com\\\/clinicapadros\"]},{\"@type\":\"Person\",\"@id\":\"https:\\\/\\\/clinicapadros.com\\\/ca\\\/#\\\/schema\\\/person\\\/1f1727592203e6c6127e0b61bc295430\",\"name\":\"Jos\u00e9 Luis Padr\u00f3s\",\"image\":{\"@type\":\"ImageObject\",\"inLanguage\":\"ca-ES\",\"@id\":\"https:\\\/\\\/secure.gravatar.com\\\/avatar\\\/a2319c1e449b5f5fdf77b7bf98fc41f27e362e19958dbf0d56fe90d07a7145f7?s=96&d=mm&r=g\",\"url\":\"https:\\\/\\\/secure.gravatar.com\\\/avatar\\\/a2319c1e449b5f5fdf77b7bf98fc41f27e362e19958dbf0d56fe90d07a7145f7?s=96&d=mm&r=g\",\"contentUrl\":\"https:\\\/\\\/secure.gravatar.com\\\/avatar\\\/a2319c1e449b5f5fdf77b7bf98fc41f27e362e19958dbf0d56fe90d07a7145f7?s=96&d=mm&r=g\",\"caption\":\"Jos\u00e9 Luis Padr\u00f3s\"}}]}<\/script>\n<!-- \/ Yoast SEO Premium plugin. -->","yoast_head_json":{"title":"Sant Jordi 2018 - Cl\u00ednica Dental Padr\u00f3s","description":"Tot l'equip de Cl\u00ednica Dental Padr\u00f3s estem molt feli\u00e7os de poder compartir aquest dia tan especial amb els nostres pacients. Us volem desitjar un Feli\u00e7 Sant Jordi!\u00a0","robots":{"index":"index","follow":"follow","max-snippet":"max-snippet:-1","max-image-preview":"max-image-preview:large","max-video-preview":"max-video-preview:-1"},"canonical":"https:\/\/clinicapadros.com\/ca\/noticia-portada-ca\/sant-jordi-2018\/","og_locale":"ca_ES","og_type":"article","og_title":"Sant Jordi 2018","og_description":"Tot l'equip de Cl\u00ednica Dental Padr\u00f3s estem molt feli\u00e7os de poder compartir aquest dia tan especial amb els nostres pacients. Us volem desitjar un Feli\u00e7 Sant Jordi!\u00a0","og_url":"https:\/\/clinicapadros.com\/ca\/noticia-portada-ca\/sant-jordi-2018\/","og_site_name":"Cl\u00ednica Dental Padr\u00f3s","article_publisher":"http:\/\/www.facebook.com\/clinicapadros","article_published_time":"2018-04-23T08:55:51+00:00","article_modified_time":"2024-05-17T13:01:53+00:00","og_image":[{"width":1600,"height":1198,"url":"https:\/\/clinicapadros.com\/wp-content\/uploads\/2018\/04\/Sant-Jordi-2018.jpeg","type":"image\/jpeg"}],"author":"Jos\u00e9 Luis Padr\u00f3s","twitter_card":"summary_large_image","twitter_creator":"@clinicapadros","twitter_site":"@clinicapadros","twitter_misc":{"Written by":"Jos\u00e9 Luis Padr\u00f3s","Est. reading time":"1 minute"},"schema":{"@context":"https:\/\/schema.org","@graph":[{"@type":"Article","@id":"https:\/\/clinicapadros.com\/ca\/noticia-portada-ca\/sant-jordi-2018\/#article","isPartOf":{"@id":"https:\/\/clinicapadros.com\/ca\/noticia-portada-ca\/sant-jordi-2018\/"},"author":{"name":"Jos\u00e9 Luis Padr\u00f3s","@id":"https:\/\/clinicapadros.com\/ca\/#\/schema\/person\/1f1727592203e6c6127e0b61bc295430"},"headline":"Sant Jordi 2018","datePublished":"2018-04-23T08:55:51+00:00","dateModified":"2024-05-17T13:01:53+00:00","mainEntityOfPage":{"@id":"https:\/\/clinicapadros.com\/ca\/noticia-portada-ca\/sant-jordi-2018\/"},"wordCount":61,"commentCount":0,"publisher":{"@id":"https:\/\/clinicapadros.com\/ca\/#organization"},"image":{"@id":"https:\/\/clinicapadros.com\/ca\/noticia-portada-ca\/sant-jordi-2018\/#primaryimage"},"thumbnailUrl":"https:\/\/clinicapadros.com\/wp-content\/uploads\/2018\/04\/Sant-Jordi-2018.jpeg","articleSection":["Noticia portada"],"inLanguage":"ca-ES","potentialAction":[{"@type":"CommentAction","name":"Comment","target":["https:\/\/clinicapadros.com\/ca\/noticia-portada-ca\/sant-jordi-2018\/#respond"]}]},{"@type":"WebPage","@id":"https:\/\/clinicapadros.com\/ca\/noticia-portada-ca\/sant-jordi-2018\/","url":"https:\/\/clinicapadros.com\/ca\/noticia-portada-ca\/sant-jordi-2018\/","name":"Sant Jordi 2018 - Cl\u00ednica Dental Padr\u00f3s","isPartOf":{"@id":"https:\/\/clinicapadros.com\/ca\/#website"},"primaryImageOfPage":{"@id":"https:\/\/clinicapadros.com\/ca\/noticia-portada-ca\/sant-jordi-2018\/#primaryimage"},"image":{"@id":"https:\/\/clinicapadros.com\/ca\/noticia-portada-ca\/sant-jordi-2018\/#primaryimage"},"thumbnailUrl":"https:\/\/clinicapadros.com\/wp-content\/uploads\/2018\/04\/Sant-Jordi-2018.jpeg","datePublished":"2018-04-23T08:55:51+00:00","dateModified":"2024-05-17T13:01:53+00:00","description":"Tot l'equip de Cl\u00ednica Dental Padr\u00f3s estem molt feli\u00e7os de poder compartir aquest dia tan especial amb els nostres pacients. Us volem desitjar un Feli\u00e7 Sant Jordi!\u00a0","breadcrumb":{"@id":"https:\/\/clinicapadros.com\/ca\/noticia-portada-ca\/sant-jordi-2018\/#breadcrumb"},"inLanguage":"ca-ES","potentialAction":[{"@type":"ReadAction","target":["https:\/\/clinicapadros.com\/ca\/noticia-portada-ca\/sant-jordi-2018\/"]}]},{"@type":"ImageObject","inLanguage":"ca-ES","@id":"https:\/\/clinicapadros.com\/ca\/noticia-portada-ca\/sant-jordi-2018\/#primaryimage","url":"https:\/\/clinicapadros.com\/wp-content\/uploads\/2018\/04\/Sant-Jordi-2018.jpeg","contentUrl":"https:\/\/clinicapadros.com\/wp-content\/uploads\/2018\/04\/Sant-Jordi-2018.jpeg","width":1600,"height":1198,"caption":"Sant Jordi 2018"},{"@type":"BreadcrumbList","@id":"https:\/\/clinicapadros.com\/ca\/noticia-portada-ca\/sant-jordi-2018\/#breadcrumb","itemListElement":[{"@type":"ListItem","position":1,"name":"Home","item":"https:\/\/clinicapadros.com\/ca\/"},{"@type":"ListItem","position":2,"name":"Noticia portada","item":"https:\/\/clinicapadros.com\/ca\/noticia-portada-ca\/"},{"@type":"ListItem","position":3,"name":"Sant Jordi 2018"}]},{"@type":"WebSite","@id":"https:\/\/clinicapadros.com\/ca\/#website","url":"https:\/\/clinicapadros.com\/ca\/","name":"Cl\u00ednica Dental Padr\u00f3s","description":"Buen dentista en Barcelona","publisher":{"@id":"https:\/\/clinicapadros.com\/ca\/#organization"},"potentialAction":[{"@type":"SearchAction","target":{"@type":"EntryPoint","urlTemplate":"https:\/\/clinicapadros.com\/ca\/?s={search_term_string}"},"query-input":{"@type":"PropertyValueSpecification","valueRequired":true,"valueName":"search_term_string"}}],"inLanguage":"ca-ES"},{"@type":"Organization","@id":"https:\/\/clinicapadros.com\/ca\/#organization","name":"Cl\u00ednica Dental Padr\u00f3s","url":"https:\/\/clinicapadros.com\/ca\/","logo":{"@type":"ImageObject","inLanguage":"ca-ES","@id":"https:\/\/clinicapadros.com\/ca\/#\/schema\/logo\/image\/","url":"https:\/\/clinicapadros.com\/wp-content\/uploads\/2017\/04\/logo-clinica-dental-padros.jpg","contentUrl":"https:\/\/clinicapadros.com\/wp-content\/uploads\/2017\/04\/logo-clinica-dental-padros.jpg","width":365,"height":80,"caption":"Cl\u00ednica Dental Padr\u00f3s"},"image":{"@id":"https:\/\/clinicapadros.com\/ca\/#\/schema\/logo\/image\/"},"sameAs":["http:\/\/www.facebook.com\/clinicapadros","https:\/\/x.com\/clinicapadros","https:\/\/instagram.com\/clinicapadros","https:\/\/es.pinterest.com\/clinicapadros\/","https:\/\/www.youtube.com\/clinicapadros"]},{"@type":"Person","@id":"https:\/\/clinicapadros.com\/ca\/#\/schema\/person\/1f1727592203e6c6127e0b61bc295430","name":"Jos\u00e9 Luis Padr\u00f3s","image":{"@type":"ImageObject","inLanguage":"ca-ES","@id":"https:\/\/secure.gravatar.com\/avatar\/a2319c1e449b5f5fdf77b7bf98fc41f27e362e19958dbf0d56fe90d07a7145f7?s=96&d=mm&r=g","url":"https:\/\/secure.gravatar.com\/avatar\/a2319c1e449b5f5fdf77b7bf98fc41f27e362e19958dbf0d56fe90d07a7145f7?s=96&d=mm&r=g","contentUrl":"https:\/\/secure.gravatar.com\/avatar\/a2319c1e449b5f5fdf77b7bf98fc41f27e362e19958dbf0d56fe90d07a7145f7?s=96&d=mm&r=g","caption":"Jos\u00e9 Luis Padr\u00f3s"}}]}},"_links":{"self":[{"href":"https:\/\/clinicapadros.com\/ca\/wp-json\/wp\/v2\/posts\/5820","targetHints":{"allow":["GET"]}}],"collection":[{"href":"https:\/\/clinicapadros.com\/ca\/wp-json\/wp\/v2\/posts"}],"about":[{"href":"https:\/\/clinicapadros.com\/ca\/wp-json\/wp\/v2\/types\/post"}],"author":[{"embeddable":true,"href":"https:\/\/clinicapadros.com\/ca\/wp-json\/wp\/v2\/users\/7"}],"replies":[{"embeddable":true,"href":"https:\/\/clinicapadros.com\/ca\/wp-json\/wp\/v2\/comments?post=5820"}],"version-history":[{"count":4,"href":"https:\/\/clinicapadros.com\/ca\/wp-json\/wp\/v2\/posts\/5820\/revisions"}],"predecessor-version":[{"id":17456,"href":"https:\/\/clinicapadros.com\/ca\/wp-json\/wp\/v2\/posts\/5820\/revisions\/17456"}],"wp:featuredmedia":[{"embeddable":true,"href":"https:\/\/clinicapadros.com\/ca\/wp-json\/wp\/v2\/media\/5816"}],"wp:attachment":[{"href":"https:\/\/clinicapadros.com\/ca\/wp-json\/wp\/v2\/media?parent=5820"}],"wp:term":[{"taxonomy":"category","embeddable":true,"href":"https:\/\/clinicapadros.com\/ca\/wp-json\/wp\/v2\/categories?post=5820"},{"taxonomy":"post_tag","embeddable":true,"href":"https:\/\/clinicapadros.com\/ca\/wp-json\/wp\/v2\/tags?post=5820"}],"curies":[{"name":"wp","href":"https:\/\/api.w.org\/{rel}","templated":true}]}}