{"id":4052,"date":"2017-10-16T12:51:41","date_gmt":"2017-10-16T10:51:41","guid":{"rendered":"http:\/\/duo.cat\/?p=4052"},"modified":"2024-05-17T14:25:22","modified_gmt":"2024-05-17T12:25:22","slug":"butlleti-noticies-octubre-17","status":"publish","type":"post","link":"https:\/\/clinicapadros.com\/ca\/noticies\/butlleti-noticies-octubre-17\/","title":{"rendered":"Butllet\u00ed de noticies Octubre 17"},"content":{"rendered":"<div id=\"pl-4052\"  class=\"panel-layout\" >\n<div id=\"pg-4052-0\"  class=\"panel-grid panel-no-style\" >\n<div id=\"pgc-4052-0-0\"  class=\"panel-grid-cell\"  data-weight=\"1\" >\n<div id=\"panel-4052-0-0-0\" class=\"so-panel widget widget_sow-image panel-first-child panel-last-child\" data-index=\"0\" data-style=\"{&quot;background_display&quot;:&quot;tile&quot;}\" >[siteorigin_widget class=&#8221;SiteOrigin_Widget_Image_Widget&#8221;]<input type=\"hidden\" value=\"{&quot;instance&quot;:{&quot;image&quot;:4053,&quot;image_fallback&quot;:&quot;&quot;,&quot;size&quot;:&quot;full&quot;,&quot;align&quot;:&quot;center&quot;,&quot;title&quot;:&quot;Header newsletter octubre 17&quot;,&quot;title_position&quot;:&quot;hidden&quot;,&quot;alt&quot;:&quot;Header newsletter octubre 17&quot;,&quot;url&quot;:&quot;&quot;,&quot;bound&quot;:true,&quot;_sow_form_id&quot;:&quot;59e48ec74338a&quot;,&quot;_sow_form_timestamp&quot;:&quot;1508151014191&quot;,&quot;new_window&quot;:false,&quot;full_width&quot;:false,&quot;so_sidebar_emulator_id&quot;:&quot;sow-image-405210000&quot;,&quot;option_name&quot;:&quot;widget_sow-image&quot;},&quot;args&quot;:{&quot;before_widget&quot;:&quot;&lt;div id=\\&quot;panel-4052-0-0-0\\&quot; class=\\&quot;so-panel widget widget_sow-image panel-first-child panel-last-child\\&quot; data-index=\\&quot;0\\&quot; data-style=\\&quot;{&amp;quot;background_display&amp;quot;:&amp;quot;tile&amp;quot;}\\&quot; &gt;&quot;,&quot;after_widget&quot;:&quot;&lt;\\\/div&gt;&quot;,&quot;before_title&quot;:&quot;&lt;h3 class=\\&quot;widget-title\\&quot;&gt;&quot;,&quot;after_title&quot;:&quot;&lt;\\\/h3&gt;&quot;,&quot;widget_id&quot;:&quot;widget-0-0-0&quot;}}\" \/>[\/siteorigin_widget]<\/div>\n<\/div>\n<\/div>\n<div id=\"pg-4052-1\"  class=\"panel-grid panel-no-style\"  data-style=\"{&quot;background_display&quot;:&quot;tile&quot;,&quot;full_height&quot;:&quot;&quot;,&quot;lsow_dark_bg&quot;:&quot;&quot;,&quot;cell_alignment&quot;:&quot;flex-start&quot;}\" >\n<div id=\"pgc-4052-1-0\"  class=\"panel-grid-cell\"  data-weight=\"0.65\" >\n<div id=\"panel-4052-1-0-0\" class=\"so-panel widget widget_sow-editor panel-first-child panel-last-child\" data-index=\"1\" data-style=\"{&quot;padding&quot;:&quot;20px 0px 0px 0px&quot;,&quot;background_display&quot;:&quot;tile&quot;}\" >\n<div class=\"panel-widget-style panel-widget-style-for-4052-1-0-0\" >\n<div\n\t\t\t\n\t\t\tclass=\"so-widget-sow-editor so-widget-sow-editor-base\"\n\t\t\t\n\t\t><\/p>\n<div class=\"siteorigin-widget-tinymce textwidget\">\n<p>Pateixes mals de cap, d&#8217;esquena, de coll, o ac\u00fafens?<\/p>\n<p>L&#8217;or\u00edgen podria estar en la forma com encaixen les dents!<\/p>\n<p>Un 25% de la poblaci\u00f3 adulta pateix mol\u00e8sties i trastorns en diverses parts del cos sense saber que podrien ser causades per l&#8217;oclusi\u00f3 dental. \u00c9s a dir, que bastants dolors de coll, esquena, cap i o\u00efda mantenen una estreta relaci\u00f3 amb la manera en qu\u00e8 les dents encaixen entre si. Com \u00e9s d&#8217;esperar, mentre no s&#8217;aconsegueixi solucionar l&#8217;aut\u00e8ntic motiu que origina aquests s\u00edmptomes, no remetran del tot.<\/p>\n<\/div>\n<\/div>\n<\/div>\n<\/div>\n<\/div>\n<div id=\"pgc-4052-1-1\"  class=\"panel-grid-cell\"  data-weight=\"0.35\" >\n<div id=\"panel-4052-1-1-0\" class=\"so-panel widget widget_sow-image panel-first-child panel-last-child\" data-index=\"2\" data-style=\"{&quot;padding&quot;:&quot;5px 5px 5px 5px&quot;,&quot;mobile_padding&quot;:&quot;5px 5px 5px 5px&quot;,&quot;background_display&quot;:&quot;tile&quot;}\" >\n<div class=\"panel-widget-style panel-widget-style-for-4052-1-1-0\" >[siteorigin_widget class=&#8221;SiteOrigin_Widget_Image_Widget&#8221;]<input type=\"hidden\" value=\"{&quot;instance&quot;:{&quot;image&quot;:4014,&quot;image_fallback&quot;:&quot;&quot;,&quot;size&quot;:&quot;full&quot;,&quot;align&quot;:&quot;center&quot;,&quot;title&quot;:&quot;Imatge newsletter octubre 17&quot;,&quot;title_position&quot;:&quot;hidden&quot;,&quot;alt&quot;:&quot;Imatge newsletter octubre 17&quot;,&quot;url&quot;:&quot;&quot;,&quot;bound&quot;:true,&quot;_sow_form_id&quot;:&quot;59e48f26bc451&quot;,&quot;_sow_form_timestamp&quot;:&quot;1508151262417&quot;,&quot;new_window&quot;:false,&quot;full_width&quot;:false,&quot;so_sidebar_emulator_id&quot;:&quot;sow-image-405210002&quot;,&quot;option_name&quot;:&quot;widget_sow-image&quot;},&quot;args&quot;:{&quot;before_widget&quot;:&quot;&lt;div id=\\&quot;panel-4052-1-1-0\\&quot; class=\\&quot;so-panel widget widget_sow-image panel-first-child panel-last-child\\&quot; data-index=\\&quot;2\\&quot; data-style=\\&quot;{&amp;quot;padding&amp;quot;:&amp;quot;5px 5px 5px 5px&amp;quot;,&amp;quot;mobile_padding&amp;quot;:&amp;quot;5px 5px 5px 5px&amp;quot;,&amp;quot;background_display&amp;quot;:&amp;quot;tile&amp;quot;}\\&quot; &gt;&lt;div class=\\&quot;panel-widget-style panel-widget-style-for-4052-1-1-0\\&quot; &gt;&quot;,&quot;after_widget&quot;:&quot;&lt;\\\/div&gt;&lt;\\\/div&gt;&quot;,&quot;before_title&quot;:&quot;&lt;h3 class=\\&quot;widget-title\\&quot;&gt;&quot;,&quot;after_title&quot;:&quot;&lt;\\\/h3&gt;&quot;,&quot;widget_id&quot;:&quot;widget-1-1-0&quot;}}\" \/>[\/siteorigin_widget]<\/div>\n<\/div>\n<\/div>\n<\/div>\n<div id=\"pg-4052-2\"  class=\"panel-grid panel-no-style\" >\n<div id=\"pgc-4052-2-0\"  class=\"panel-grid-cell\"  data-weight=\"1\" >\n<div id=\"panel-4052-2-0-0\" class=\"so-panel widget widget_sow-editor panel-first-child panel-last-child\" data-index=\"3\" data-style=\"{&quot;background_display&quot;:&quot;tile&quot;}\" >\n<div\n\t\t\t\n\t\t\tclass=\"so-widget-sow-editor so-widget-sow-editor-base\"\n\t\t\t\n\t\t><\/p>\n<div class=\"siteorigin-widget-tinymce textwidget\">\n<p>Cada vegada es coneix m\u00e9s la repercussi\u00f3 que t\u00e9 una deficient salut bucal sobre l&#8217;estat general de la persona. Tot i que no solem percebre les malalties de la boca com potencialment perilloses, poden complicar altres processos patol\u00f2gics que s\u00ed considerem m\u00e9s importants, com malalties cardiovasculars, diabetis, parts prematurs en embarassades, etc.<\/p>\n<p>Fins i tot s&#8217;ha demostrat que hi ha un vincle entre les malalties de les genives i un baix rendiment esportiu. El dolor, la conseg\u00fcent disminuci\u00f3 de la qualitat de vida i el nivell de benestar, aix\u00ed com l&#8217;exist\u00e8ncia de m\u00e9s o menys grau d&#8217;inflamaci\u00f3 o fins i tot d&#8217;infeccions localitzades \u00e9s evident que afecten el desenvolupament \u00f2ptim de l&#8217;activitat f\u00edsica i intel\u00b7lectual.<\/p>\n<\/div>\n<\/div>\n<\/div>\n<\/div>\n<\/div>\n<div id=\"pg-4052-3\"  class=\"panel-grid panel-no-style\"  data-style=\"{&quot;background_display&quot;:&quot;tile&quot;,&quot;full_height&quot;:&quot;&quot;,&quot;lsow_dark_bg&quot;:&quot;&quot;,&quot;cell_alignment&quot;:&quot;flex-start&quot;}\" >\n<div id=\"pgc-4052-3-0\"  class=\"panel-grid-cell\"  data-weight=\"0.35\" >\n<div id=\"panel-4052-3-0-0\" class=\"so-panel widget widget_sow-image panel-first-child panel-last-child\" data-index=\"4\" data-style=\"{&quot;padding&quot;:&quot;5px 5px 5px 5px&quot;,&quot;mobile_padding&quot;:&quot;5px 5px 5px 5px&quot;,&quot;background_display&quot;:&quot;tile&quot;}\" >\n<div class=\"panel-widget-style panel-widget-style-for-4052-3-0-0\" >[siteorigin_widget class=&#8221;SiteOrigin_Widget_Image_Widget&#8221;]<input type=\"hidden\" value=\"{&quot;instance&quot;:{&quot;image&quot;:4025,&quot;image_fallback&quot;:&quot;&quot;,&quot;size&quot;:&quot;full&quot;,&quot;align&quot;:&quot;center&quot;,&quot;title&quot;:&quot;Imatge newsletter octubre 17&quot;,&quot;title_position&quot;:&quot;hidden&quot;,&quot;alt&quot;:&quot;Imatge newsletter octubre 17&quot;,&quot;url&quot;:&quot;&quot;,&quot;bound&quot;:true,&quot;_sow_form_id&quot;:&quot;59e490331f72e&quot;,&quot;_sow_form_timestamp&quot;:&quot;1508151356186&quot;,&quot;new_window&quot;:false,&quot;full_width&quot;:false,&quot;so_sidebar_emulator_id&quot;:&quot;sow-image-405210004&quot;,&quot;option_name&quot;:&quot;widget_sow-image&quot;},&quot;args&quot;:{&quot;before_widget&quot;:&quot;&lt;div id=\\&quot;panel-4052-3-0-0\\&quot; class=\\&quot;so-panel widget widget_sow-image panel-first-child panel-last-child\\&quot; data-index=\\&quot;4\\&quot; data-style=\\&quot;{&amp;quot;padding&amp;quot;:&amp;quot;5px 5px 5px 5px&amp;quot;,&amp;quot;mobile_padding&amp;quot;:&amp;quot;5px 5px 5px 5px&amp;quot;,&amp;quot;background_display&amp;quot;:&amp;quot;tile&amp;quot;}\\&quot; &gt;&lt;div class=\\&quot;panel-widget-style panel-widget-style-for-4052-3-0-0\\&quot; &gt;&quot;,&quot;after_widget&quot;:&quot;&lt;\\\/div&gt;&lt;\\\/div&gt;&quot;,&quot;before_title&quot;:&quot;&lt;h3 class=\\&quot;widget-title\\&quot;&gt;&quot;,&quot;after_title&quot;:&quot;&lt;\\\/h3&gt;&quot;,&quot;widget_id&quot;:&quot;widget-3-0-0&quot;}}\" \/>[\/siteorigin_widget]<\/div>\n<\/div>\n<\/div>\n<div id=\"pgc-4052-3-1\"  class=\"panel-grid-cell\"  data-weight=\"0.65\" >\n<div id=\"panel-4052-3-1-0\" class=\"so-panel widget widget_sow-editor panel-first-child panel-last-child\" data-index=\"5\" data-style=\"{&quot;padding&quot;:&quot;0px 0px 0px 0px&quot;,&quot;background_display&quot;:&quot;tile&quot;}\" >\n<div class=\"panel-widget-style panel-widget-style-for-4052-3-1-0\" >\n<div\n\t\t\t\n\t\t\tclass=\"so-widget-sow-editor so-widget-sow-editor-base\"\n\t\t\t\n\t\t><\/p>\n<div class=\"siteorigin-widget-tinymce textwidget\">\n<p>Menys coneguda \u00e9s la influ\u00e8ncia que exerceixen la posici\u00f3 i encaix de les dents sobre la postura, i la seva rellev\u00e0ncia en el mal d&#8217;esquena o de cap, migranyes, dolors d&#8217;o\u00efda i ac\u00fafens.<\/p>\n<p>Els nostres ossos, m\u00fasculs, articulacions i lligaments estan directament relacionats entre si. Tots han de treballar coordinats perqu\u00e8 puguem dur a terme qualsevol acci\u00f3, com ara parlar, menjar, empassar, respirar, besar o riure. Aix\u00ed que petites alteracions en la posici\u00f3 de les dents poden comportar seriosos problemes musculars, ossis, vasculars i posturals.<\/p>\n<p>Per cada cent\u00edmetre que el cap es traslladi cap endavant, potser per un mal equilibri muscular i ossi, augmenta en gaireb\u00e9 3 kg. la tensi\u00f3 que suporta la columna vertebral, el que afecta a multitud d&#8217;estructures a tot el cos. El massatge i la relaxaci\u00f3 de la musculatura masticat\u00f2ria aconsegueixen gaireb\u00e9 a l&#8217;instant una disminuci\u00f3 de les contractures del coll.<\/p>\n<\/div>\n<\/div>\n<\/div>\n<\/div>\n<\/div>\n<\/div>\n<div id=\"pg-4052-4\"  class=\"panel-grid panel-no-style\" >\n<div id=\"pgc-4052-4-0\"  class=\"panel-grid-cell\"  data-weight=\"1\" >\n<div id=\"panel-4052-4-0-0\" class=\"so-panel widget widget_sow-editor panel-first-child panel-last-child\" data-index=\"6\" data-style=\"{&quot;background_display&quot;:&quot;tile&quot;}\" >\n<div\n\t\t\t\n\t\t\tclass=\"so-widget-sow-editor so-widget-sow-editor-base\"\n\t\t\t\n\t\t><\/p>\n<div class=\"siteorigin-widget-tinymce textwidget\">\n<p>L&#8217;articulaci\u00f3 de la mand\u00edbula, que \u00e9s la que ens permet obrir i tancar la boca \u00e9s, gaireb\u00e9 amb certesa, la m\u00e9s complexa de l&#8217;organisme. Durant la masticaci\u00f3 suporta c\u00e0rregues molt altes, de 20 a 60 Kg. En el cas de les persones bruxistes, que grinyolen o estrenyen les dents, aquesta c\u00e0rrega pot ascendir fins als 250 Kg. de for\u00e7a. Durant la nit, aquests pacients poden arribar a generar centenars de cicles de c\u00e0rrega. Aix\u00f2 significa centenars de contractures musculars d&#8217;alta intensitat. Si f\u00e9ssim centenars de contraccions amb el bra\u00e7 durant la nit, \u00e9s f\u00e0cil imaginar les conseq\u00fc\u00e8ncies que es derivarien per al bra\u00e7 i la resta del cos.<\/p>\n<\/div>\n<\/div>\n<\/div>\n<\/div>\n<\/div>\n<div id=\"pg-4052-5\"  class=\"panel-grid panel-no-style\"  data-style=\"{&quot;background_display&quot;:&quot;tile&quot;,&quot;full_height&quot;:&quot;&quot;,&quot;lsow_dark_bg&quot;:&quot;&quot;,&quot;cell_alignment&quot;:&quot;flex-start&quot;}\" >\n<div id=\"pgc-4052-5-0\"  class=\"panel-grid-cell\"  data-weight=\"0.4\" >\n<div id=\"panel-4052-5-0-0\" class=\"so-panel widget widget_sow-image panel-first-child panel-last-child\" data-index=\"7\" data-style=\"{&quot;padding&quot;:&quot;5px 5px 5px 5px&quot;,&quot;mobile_padding&quot;:&quot;5px 5px 5px 5px&quot;,&quot;background_display&quot;:&quot;tile&quot;}\" >\n<div class=\"panel-widget-style panel-widget-style-for-4052-5-0-0\" >[siteorigin_widget class=&#8221;SiteOrigin_Widget_Image_Widget&#8221;]<input type=\"hidden\" value=\"{&quot;instance&quot;:{&quot;image&quot;:4036,&quot;image_fallback&quot;:&quot;&quot;,&quot;size&quot;:&quot;full&quot;,&quot;align&quot;:&quot;center&quot;,&quot;title&quot;:&quot;Imatge newsletter octubre 17&quot;,&quot;title_position&quot;:&quot;hidden&quot;,&quot;alt&quot;:&quot;Imatge newsletter octubre 17&quot;,&quot;url&quot;:&quot;&quot;,&quot;bound&quot;:true,&quot;_sow_form_id&quot;:&quot;59e490c0157d0&quot;,&quot;_sow_form_timestamp&quot;:&quot;1508151496355&quot;,&quot;new_window&quot;:false,&quot;full_width&quot;:false,&quot;so_sidebar_emulator_id&quot;:&quot;sow-image-405210007&quot;,&quot;option_name&quot;:&quot;widget_sow-image&quot;},&quot;args&quot;:{&quot;before_widget&quot;:&quot;&lt;div id=\\&quot;panel-4052-5-0-0\\&quot; class=\\&quot;so-panel widget widget_sow-image panel-first-child panel-last-child\\&quot; data-index=\\&quot;7\\&quot; data-style=\\&quot;{&amp;quot;padding&amp;quot;:&amp;quot;5px 5px 5px 5px&amp;quot;,&amp;quot;mobile_padding&amp;quot;:&amp;quot;5px 5px 5px 5px&amp;quot;,&amp;quot;background_display&amp;quot;:&amp;quot;tile&amp;quot;}\\&quot; &gt;&lt;div class=\\&quot;panel-widget-style panel-widget-style-for-4052-5-0-0\\&quot; &gt;&quot;,&quot;after_widget&quot;:&quot;&lt;\\\/div&gt;&lt;\\\/div&gt;&quot;,&quot;before_title&quot;:&quot;&lt;h3 class=\\&quot;widget-title\\&quot;&gt;&quot;,&quot;after_title&quot;:&quot;&lt;\\\/h3&gt;&quot;,&quot;widget_id&quot;:&quot;widget-5-0-0&quot;}}\" \/>[\/siteorigin_widget]<\/div>\n<\/div>\n<\/div>\n<div id=\"pgc-4052-5-1\"  class=\"panel-grid-cell\"  data-weight=\"0.6\" >\n<div id=\"panel-4052-5-1-0\" class=\"so-panel widget widget_sow-editor panel-first-child panel-last-child\" data-index=\"8\" data-style=\"{&quot;padding&quot;:&quot;25px 0px 0px 0px&quot;,&quot;background_display&quot;:&quot;tile&quot;}\" >\n<div class=\"panel-widget-style panel-widget-style-for-4052-5-1-0\" >\n<div\n\t\t\t\n\t\t\tclass=\"so-widget-sow-editor so-widget-sow-editor-base\"\n\t\t\t\n\t\t><\/p>\n<div class=\"siteorigin-widget-tinymce textwidget\">\n<p>L&#8217;articulaci\u00f3 temporomandibular \u00e9s l&#8217;\u00fanica del cos hum\u00e0 que es pot moure en els tres eixos de l&#8217;espai: podem obrir i tancar la boca, despla\u00e7ar la mand\u00edbula cap endavant i cap enrere, i moure -la tamb\u00e9 cap als costats. Per aix\u00f2 comptem amb un complex sistema de m\u00fasculs i tendons, a m\u00e9s de dos meniscs que han de funcionar de manera coordinada i que es poden veure seriosament alterats quan sobrevenen tensions musculars an\u00f2males causades per estr\u00e8s, ansietat, bruxisme i altres factors. En tancar la boca, la posici\u00f3 articular es relaciona directament amb la manera en que els nostres dents encaixen.<\/p>\n<\/div>\n<\/div>\n<\/div>\n<\/div>\n<\/div>\n<\/div>\n<div id=\"pg-4052-6\"  class=\"panel-grid panel-no-style\" >\n<div id=\"pgc-4052-6-0\"  class=\"panel-grid-cell\"  data-weight=\"1\" >\n<div id=\"panel-4052-6-0-0\" class=\"so-panel widget widget_sow-editor panel-first-child panel-last-child\" data-index=\"9\" data-style=\"{&quot;background_display&quot;:&quot;tile&quot;}\" >\n<div\n\t\t\t\n\t\t\tclass=\"so-widget-sow-editor so-widget-sow-editor-base\"\n\t\t\t\n\t\t><\/p>\n<div class=\"siteorigin-widget-tinymce textwidget\">\n<p>Els moviments mandibulars els determina la musculatura, que apr\u00e8n on ha de conduir la mand\u00edbula perqu\u00e8 en mossegar les dents superiors i inferiors coincideixin de la manera m\u00e9s efica\u00e7 per mastegar. Aquesta posici\u00f3, per\u00f2, no t\u00e9 per qu\u00e8 coincidir amb la posici\u00f3 \u00f2ptima per a l&#8217;activitat articular. De fet, en moltes persones la posici\u00f3 de m\u00e0xim contacte dental \u00e9s lesiva per a les estructures articulars.<\/p>\n<\/div>\n<\/div>\n<\/div>\n<\/div>\n<\/div>\n<div id=\"pg-4052-7\"  class=\"panel-grid panel-no-style\"  data-style=\"{&quot;background_display&quot;:&quot;tile&quot;,&quot;full_height&quot;:&quot;&quot;,&quot;lsow_dark_bg&quot;:&quot;&quot;,&quot;cell_alignment&quot;:&quot;flex-start&quot;}\" >\n<div id=\"pgc-4052-7-0\"  class=\"panel-grid-cell\"  data-weight=\"0.6\" >\n<div id=\"panel-4052-7-0-0\" class=\"so-panel widget widget_sow-editor panel-first-child panel-last-child\" data-index=\"10\" data-style=\"{&quot;padding&quot;:&quot;50px 0px 0px 0px&quot;,&quot;background_image_attachment&quot;:false,&quot;background_display&quot;:&quot;tile&quot;}\" >\n<div class=\"panel-widget-style panel-widget-style-for-4052-7-0-0\" >\n<div\n\t\t\t\n\t\t\tclass=\"so-widget-sow-editor so-widget-sow-editor-base\"\n\t\t\t\n\t\t><\/p>\n<div class=\"siteorigin-widget-tinymce textwidget\">\n<p>D&#8217;aquesta manera s&#8217;explica que molts dolors musculars, de cap, migranyes, ac\u00fafens, dolors d&#8217;esquena o fins i tot neurol\u00f2gics puguin originar-se en la boca.<\/p>\n<p>Si pateixes d&#8217;algun d&#8217;aquests problemes, els nostres experts poden estudiar el teu cas i valorar la millor soluci\u00f3. Posem a la teva disposici\u00f3 les m\u00e9s modernes t\u00e8cniques i tecnologies especialitzades (desprogramadors, plaques seq\u00fcencials de reposicionament, an\u00e0lisi digital de l&#8217;ajust de les dents Tekscan, fisioter\u00e0pia especialitzada, an\u00e0lisi de postura, ter\u00e0pia neural, etc.).<\/p>\n<\/div>\n<\/div>\n<\/div>\n<\/div>\n<\/div>\n<div id=\"pgc-4052-7-1\"  class=\"panel-grid-cell\"  data-weight=\"0.4\" >\n<div id=\"panel-4052-7-1-0\" class=\"so-panel widget widget_sow-image panel-first-child panel-last-child\" data-index=\"11\" data-style=\"{&quot;padding&quot;:&quot;5px 5px 5px 5px&quot;,&quot;mobile_padding&quot;:&quot;5px 5px 5px 5px&quot;,&quot;background_display&quot;:&quot;tile&quot;}\" >\n<div class=\"panel-widget-style panel-widget-style-for-4052-7-1-0\" >[siteorigin_widget class=&#8221;SiteOrigin_Widget_Image_Widget&#8221;]<input type=\"hidden\" value=\"{&quot;instance&quot;:{&quot;image&quot;:4041,&quot;image_fallback&quot;:&quot;&quot;,&quot;size&quot;:&quot;full&quot;,&quot;align&quot;:&quot;center&quot;,&quot;title&quot;:&quot;Imatge newsletter octubre 17&quot;,&quot;title_position&quot;:&quot;hidden&quot;,&quot;alt&quot;:&quot;Imatge newsletter octubre 17&quot;,&quot;url&quot;:&quot;&quot;,&quot;bound&quot;:true,&quot;_sow_form_id&quot;:&quot;59e491366776e&quot;,&quot;_sow_form_timestamp&quot;:&quot;1508151636370&quot;,&quot;new_window&quot;:false,&quot;full_width&quot;:false,&quot;so_sidebar_emulator_id&quot;:&quot;sow-image-405210011&quot;,&quot;option_name&quot;:&quot;widget_sow-image&quot;},&quot;args&quot;:{&quot;before_widget&quot;:&quot;&lt;div id=\\&quot;panel-4052-7-1-0\\&quot; class=\\&quot;so-panel widget widget_sow-image panel-first-child panel-last-child\\&quot; data-index=\\&quot;11\\&quot; data-style=\\&quot;{&amp;quot;padding&amp;quot;:&amp;quot;5px 5px 5px 5px&amp;quot;,&amp;quot;mobile_padding&amp;quot;:&amp;quot;5px 5px 5px 5px&amp;quot;,&amp;quot;background_display&amp;quot;:&amp;quot;tile&amp;quot;}\\&quot; &gt;&lt;div class=\\&quot;panel-widget-style panel-widget-style-for-4052-7-1-0\\&quot; &gt;&quot;,&quot;after_widget&quot;:&quot;&lt;\\\/div&gt;&lt;\\\/div&gt;&quot;,&quot;before_title&quot;:&quot;&lt;h3 class=\\&quot;widget-title\\&quot;&gt;&quot;,&quot;after_title&quot;:&quot;&lt;\\\/h3&gt;&quot;,&quot;widget_id&quot;:&quot;widget-7-1-0&quot;}}\" \/>[\/siteorigin_widget]<\/div>\n<\/div>\n<\/div>\n<\/div>\n<div id=\"pg-4052-8\"  class=\"panel-grid panel-no-style\" >\n<div id=\"pgc-4052-8-0\"  class=\"panel-grid-cell\"  data-weight=\"1\" >\n<div id=\"panel-4052-8-0-0\" class=\"so-panel widget widget_sow-editor panel-first-child\" data-index=\"12\" data-style=\"{&quot;background_display&quot;:&quot;tile&quot;}\" >\n<div\n\t\t\t\n\t\t\tclass=\"so-widget-sow-editor so-widget-sow-editor-base\"\n\t\t\t\n\t\t><\/p>\n<div class=\"siteorigin-widget-tinymce textwidget\">\n<p>Sol\u00b7licita la teva consulta trucant-nos al tel\u00e8fon <strong><span style=\"color: #26387a; font-size: 18pt;\">93.329.18.95<\/span><\/strong> o solicitans una visita a trav\u00e9s del <a href=\"https:\/\/clinicapadros.cat\/demanar-hora\/\">nostre formulari web<\/a>.<\/p>\n<\/div>\n<\/div>\n<\/div>\n<div id=\"panel-4052-8-0-1\" class=\"so-panel widget widget_sow-image panel-last-child\" data-index=\"13\" data-style=\"{&quot;background_display&quot;:&quot;tile&quot;}\" >[siteorigin_widget class=&#8221;SiteOrigin_Widget_Image_Widget&#8221;]<input type=\"hidden\" value=\"{&quot;instance&quot;:{&quot;image&quot;:3541,&quot;image_fallback&quot;:&quot;&quot;,&quot;size&quot;:&quot;full&quot;,&quot;align&quot;:&quot;center&quot;,&quot;title&quot;:&quot;Footer newsletter octubre 17&quot;,&quot;title_position&quot;:&quot;hidden&quot;,&quot;alt&quot;:&quot;Footer newsletter octubre 17&quot;,&quot;url&quot;:&quot;&quot;,&quot;bound&quot;:true,&quot;_sow_form_id&quot;:&quot;59e4915ea2ecf&quot;,&quot;_sow_form_timestamp&quot;:&quot;1508151771819&quot;,&quot;new_window&quot;:false,&quot;full_width&quot;:false,&quot;so_sidebar_emulator_id&quot;:&quot;sow-image-405210013&quot;,&quot;option_name&quot;:&quot;widget_sow-image&quot;},&quot;args&quot;:{&quot;before_widget&quot;:&quot;&lt;div id=\\&quot;panel-4052-8-0-1\\&quot; class=\\&quot;so-panel widget widget_sow-image panel-last-child\\&quot; data-index=\\&quot;13\\&quot; data-style=\\&quot;{&amp;quot;background_display&amp;quot;:&amp;quot;tile&amp;quot;}\\&quot; &gt;&quot;,&quot;after_widget&quot;:&quot;&lt;\\\/div&gt;&quot;,&quot;before_title&quot;:&quot;&lt;h3 class=\\&quot;widget-title\\&quot;&gt;&quot;,&quot;after_title&quot;:&quot;&lt;\\\/h3&gt;&quot;,&quot;widget_id&quot;:&quot;widget-8-0-1&quot;}}\" \/>[\/siteorigin_widget]<\/div>\n<\/div>\n<\/div>\n<\/div>\n","protected":false},"excerpt":{"rendered":"<p>[siteorigin_widget class=&#8221;SiteOrigin_Widget_Image_Widget&#8221;][\/siteorigin_widget] Pateixes mals de cap, d&#8217;esquena, de coll, o ac\u00fafens? L&#8217;or\u00edgen podria estar en la forma com encaixen les dents! Un 25% de la poblaci\u00f3 adulta pateix mol\u00e8sties i trastorns en diverses parts del cos sense saber que podrien ser causades per l&#8217;oclusi\u00f3 dental. \u00c9s a dir, que bastants dolors de coll, esquena, cap &#8230; <a title=\"Butllet\u00ed de noticies Octubre 17\" class=\"read-more\" href=\"https:\/\/clinicapadros.com\/ca\/noticies\/butlleti-noticies-octubre-17\/\" aria-label=\"Read more about Butllet\u00ed de noticies Octubre 17\">Read more<\/a><\/p>\n","protected":false},"author":7,"featured_media":4041,"comment_status":"open","ping_status":"closed","sticky":false,"template":"","format":"standard","meta":{"footnotes":""},"categories":[4],"tags":[],"class_list":["post-4052","post","type-post","status-publish","format-standard","has-post-thumbnail","hentry","category-noticies"],"yoast_head":"<!-- This site is optimized with the Yoast SEO Premium plugin v21.5 (Yoast SEO v27.3) - https:\/\/yoast.com\/product\/yoast-seo-premium-wordpress\/ -->\n<title>Butllet\u00ed de noticies Octubre 17 - Cl\u00ednica Dental Padr\u00f3s<\/title>\n<meta name=\"description\" content=\"Butllet\u00ed de not\u00edcies de Cl\u00ednica Padr\u00f3s, octubre de 2017: \u00daltimes novetats i tractaments dentals innovadors per a una millor salut bucal.\" \/>\n<meta name=\"robots\" content=\"index, follow, max-snippet:-1, max-image-preview:large, max-video-preview:-1\" \/>\n<link rel=\"canonical\" href=\"https:\/\/clinicapadros.com\/ca\/noticies\/butlleti-noticies-octubre-17\/\" \/>\n<meta property=\"og:locale\" content=\"ca_ES\" \/>\n<meta property=\"og:type\" content=\"article\" \/>\n<meta property=\"og:title\" content=\"Butllet\u00ed de noticies Octubre 17\" \/>\n<meta property=\"og:description\" content=\"Butllet\u00ed de not\u00edcies de Cl\u00ednica Padr\u00f3s, octubre de 2017: \u00daltimes novetats i tractaments dentals innovadors per a una millor salut bucal.\" \/>\n<meta property=\"og:url\" content=\"https:\/\/clinicapadros.com\/ca\/noticies\/butlleti-noticies-octubre-17\/\" \/>\n<meta property=\"og:site_name\" content=\"Cl\u00ednica Dental Padr\u00f3s\" \/>\n<meta property=\"article:publisher\" content=\"http:\/\/www.facebook.com\/clinicapadros\" \/>\n<meta property=\"article:published_time\" content=\"2017-10-16T10:51:41+00:00\" \/>\n<meta property=\"article:modified_time\" content=\"2024-05-17T12:25:22+00:00\" \/>\n<meta property=\"og:image\" content=\"https:\/\/clinicapadros.com\/wp-content\/uploads\/2017\/10\/imagen-newsletter-octubre-17-3.jpg\" \/>\n\t<meta property=\"og:image:width\" content=\"881\" \/>\n\t<meta property=\"og:image:height\" content=\"724\" \/>\n\t<meta property=\"og:image:type\" content=\"image\/jpeg\" \/>\n<meta name=\"author\" content=\"Jos\u00e9 Luis Padr\u00f3s\" \/>\n<meta name=\"twitter:card\" content=\"summary_large_image\" \/>\n<meta name=\"twitter:creator\" content=\"@clinicapadros\" \/>\n<meta name=\"twitter:site\" content=\"@clinicapadros\" \/>\n<meta name=\"twitter:label1\" content=\"Written by\" \/>\n\t<meta name=\"twitter:data1\" content=\"Jos\u00e9 Luis Padr\u00f3s\" \/>\n\t<meta name=\"twitter:label2\" content=\"Est. reading time\" \/>\n\t<meta name=\"twitter:data2\" content=\"5 minutes\" \/>\n<script type=\"application\/ld+json\" class=\"yoast-schema-graph\">{\"@context\":\"https:\\\/\\\/schema.org\",\"@graph\":[{\"@type\":\"Article\",\"@id\":\"https:\\\/\\\/clinicapadros.com\\\/ca\\\/noticies\\\/butlleti-noticies-octubre-17\\\/#article\",\"isPartOf\":{\"@id\":\"https:\\\/\\\/clinicapadros.com\\\/ca\\\/noticies\\\/butlleti-noticies-octubre-17\\\/\"},\"author\":{\"name\":\"Jos\u00e9 Luis Padr\u00f3s\",\"@id\":\"https:\\\/\\\/clinicapadros.com\\\/ca\\\/#\\\/schema\\\/person\\\/1f1727592203e6c6127e0b61bc295430\"},\"headline\":\"Butllet\u00ed de noticies Octubre 17\",\"datePublished\":\"2017-10-16T10:51:41+00:00\",\"dateModified\":\"2024-05-17T12:25:22+00:00\",\"mainEntityOfPage\":{\"@id\":\"https:\\\/\\\/clinicapadros.com\\\/ca\\\/noticies\\\/butlleti-noticies-octubre-17\\\/\"},\"wordCount\":844,\"commentCount\":0,\"publisher\":{\"@id\":\"https:\\\/\\\/clinicapadros.com\\\/ca\\\/#organization\"},\"image\":{\"@id\":\"https:\\\/\\\/clinicapadros.com\\\/ca\\\/noticies\\\/butlleti-noticies-octubre-17\\\/#primaryimage\"},\"thumbnailUrl\":\"https:\\\/\\\/clinicapadros.com\\\/wp-content\\\/uploads\\\/2017\\\/10\\\/imagen-newsletter-octubre-17-3.jpg\",\"articleSection\":[\"Blog\"],\"inLanguage\":\"ca-ES\",\"potentialAction\":[{\"@type\":\"CommentAction\",\"name\":\"Comment\",\"target\":[\"https:\\\/\\\/clinicapadros.com\\\/ca\\\/noticies\\\/butlleti-noticies-octubre-17\\\/#respond\"]}]},{\"@type\":\"WebPage\",\"@id\":\"https:\\\/\\\/clinicapadros.com\\\/ca\\\/noticies\\\/butlleti-noticies-octubre-17\\\/\",\"url\":\"https:\\\/\\\/clinicapadros.com\\\/ca\\\/noticies\\\/butlleti-noticies-octubre-17\\\/\",\"name\":\"Butllet\u00ed de noticies Octubre 17 - Cl\u00ednica Dental Padr\u00f3s\",\"isPartOf\":{\"@id\":\"https:\\\/\\\/clinicapadros.com\\\/ca\\\/#website\"},\"primaryImageOfPage\":{\"@id\":\"https:\\\/\\\/clinicapadros.com\\\/ca\\\/noticies\\\/butlleti-noticies-octubre-17\\\/#primaryimage\"},\"image\":{\"@id\":\"https:\\\/\\\/clinicapadros.com\\\/ca\\\/noticies\\\/butlleti-noticies-octubre-17\\\/#primaryimage\"},\"thumbnailUrl\":\"https:\\\/\\\/clinicapadros.com\\\/wp-content\\\/uploads\\\/2017\\\/10\\\/imagen-newsletter-octubre-17-3.jpg\",\"datePublished\":\"2017-10-16T10:51:41+00:00\",\"dateModified\":\"2024-05-17T12:25:22+00:00\",\"description\":\"Butllet\u00ed de not\u00edcies de Cl\u00ednica Padr\u00f3s, octubre de 2017: \u00daltimes novetats i tractaments dentals innovadors per a una millor salut bucal.\",\"breadcrumb\":{\"@id\":\"https:\\\/\\\/clinicapadros.com\\\/ca\\\/noticies\\\/butlleti-noticies-octubre-17\\\/#breadcrumb\"},\"inLanguage\":\"ca-ES\",\"potentialAction\":[{\"@type\":\"ReadAction\",\"target\":[\"https:\\\/\\\/clinicapadros.com\\\/ca\\\/noticies\\\/butlleti-noticies-octubre-17\\\/\"]}]},{\"@type\":\"ImageObject\",\"inLanguage\":\"ca-ES\",\"@id\":\"https:\\\/\\\/clinicapadros.com\\\/ca\\\/noticies\\\/butlleti-noticies-octubre-17\\\/#primaryimage\",\"url\":\"https:\\\/\\\/clinicapadros.com\\\/wp-content\\\/uploads\\\/2017\\\/10\\\/imagen-newsletter-octubre-17-3.jpg\",\"contentUrl\":\"https:\\\/\\\/clinicapadros.com\\\/wp-content\\\/uploads\\\/2017\\\/10\\\/imagen-newsletter-octubre-17-3.jpg\",\"width\":881,\"height\":724,\"caption\":\"Imatge newsletter octubre 17\"},{\"@type\":\"BreadcrumbList\",\"@id\":\"https:\\\/\\\/clinicapadros.com\\\/ca\\\/noticies\\\/butlleti-noticies-octubre-17\\\/#breadcrumb\",\"itemListElement\":[{\"@type\":\"ListItem\",\"position\":1,\"name\":\"Home\",\"item\":\"https:\\\/\\\/clinicapadros.com\\\/ca\\\/\"},{\"@type\":\"ListItem\",\"position\":2,\"name\":\"Blog\",\"item\":\"https:\\\/\\\/clinicapadros.com\\\/ca\\\/noticies\\\/\"},{\"@type\":\"ListItem\",\"position\":3,\"name\":\"Butllet\u00ed de noticies Octubre 17\"}]},{\"@type\":\"WebSite\",\"@id\":\"https:\\\/\\\/clinicapadros.com\\\/ca\\\/#website\",\"url\":\"https:\\\/\\\/clinicapadros.com\\\/ca\\\/\",\"name\":\"Cl\u00ednica Dental Padr\u00f3s\",\"description\":\"Buen dentista en Barcelona\",\"publisher\":{\"@id\":\"https:\\\/\\\/clinicapadros.com\\\/ca\\\/#organization\"},\"potentialAction\":[{\"@type\":\"SearchAction\",\"target\":{\"@type\":\"EntryPoint\",\"urlTemplate\":\"https:\\\/\\\/clinicapadros.com\\\/ca\\\/?s={search_term_string}\"},\"query-input\":{\"@type\":\"PropertyValueSpecification\",\"valueRequired\":true,\"valueName\":\"search_term_string\"}}],\"inLanguage\":\"ca-ES\"},{\"@type\":\"Organization\",\"@id\":\"https:\\\/\\\/clinicapadros.com\\\/ca\\\/#organization\",\"name\":\"Cl\u00ednica Dental Padr\u00f3s\",\"url\":\"https:\\\/\\\/clinicapadros.com\\\/ca\\\/\",\"logo\":{\"@type\":\"ImageObject\",\"inLanguage\":\"ca-ES\",\"@id\":\"https:\\\/\\\/clinicapadros.com\\\/ca\\\/#\\\/schema\\\/logo\\\/image\\\/\",\"url\":\"https:\\\/\\\/clinicapadros.com\\\/wp-content\\\/uploads\\\/2017\\\/04\\\/logo-clinica-dental-padros.jpg\",\"contentUrl\":\"https:\\\/\\\/clinicapadros.com\\\/wp-content\\\/uploads\\\/2017\\\/04\\\/logo-clinica-dental-padros.jpg\",\"width\":365,\"height\":80,\"caption\":\"Cl\u00ednica Dental Padr\u00f3s\"},\"image\":{\"@id\":\"https:\\\/\\\/clinicapadros.com\\\/ca\\\/#\\\/schema\\\/logo\\\/image\\\/\"},\"sameAs\":[\"http:\\\/\\\/www.facebook.com\\\/clinicapadros\",\"https:\\\/\\\/x.com\\\/clinicapadros\",\"https:\\\/\\\/instagram.com\\\/clinicapadros\",\"https:\\\/\\\/es.pinterest.com\\\/clinicapadros\\\/\",\"https:\\\/\\\/www.youtube.com\\\/clinicapadros\"]},{\"@type\":\"Person\",\"@id\":\"https:\\\/\\\/clinicapadros.com\\\/ca\\\/#\\\/schema\\\/person\\\/1f1727592203e6c6127e0b61bc295430\",\"name\":\"Jos\u00e9 Luis Padr\u00f3s\",\"image\":{\"@type\":\"ImageObject\",\"inLanguage\":\"ca-ES\",\"@id\":\"https:\\\/\\\/secure.gravatar.com\\\/avatar\\\/a2319c1e449b5f5fdf77b7bf98fc41f27e362e19958dbf0d56fe90d07a7145f7?s=96&d=mm&r=g\",\"url\":\"https:\\\/\\\/secure.gravatar.com\\\/avatar\\\/a2319c1e449b5f5fdf77b7bf98fc41f27e362e19958dbf0d56fe90d07a7145f7?s=96&d=mm&r=g\",\"contentUrl\":\"https:\\\/\\\/secure.gravatar.com\\\/avatar\\\/a2319c1e449b5f5fdf77b7bf98fc41f27e362e19958dbf0d56fe90d07a7145f7?s=96&d=mm&r=g\",\"caption\":\"Jos\u00e9 Luis Padr\u00f3s\"}}]}<\/script>\n<!-- \/ Yoast SEO Premium plugin. -->","yoast_head_json":{"title":"Butllet\u00ed de noticies Octubre 17 - Cl\u00ednica Dental Padr\u00f3s","description":"Butllet\u00ed de not\u00edcies de Cl\u00ednica Padr\u00f3s, octubre de 2017: \u00daltimes novetats i tractaments dentals innovadors per a una millor salut bucal.","robots":{"index":"index","follow":"follow","max-snippet":"max-snippet:-1","max-image-preview":"max-image-preview:large","max-video-preview":"max-video-preview:-1"},"canonical":"https:\/\/clinicapadros.com\/ca\/noticies\/butlleti-noticies-octubre-17\/","og_locale":"ca_ES","og_type":"article","og_title":"Butllet\u00ed de noticies Octubre 17","og_description":"Butllet\u00ed de not\u00edcies de Cl\u00ednica Padr\u00f3s, octubre de 2017: \u00daltimes novetats i tractaments dentals innovadors per a una millor salut bucal.","og_url":"https:\/\/clinicapadros.com\/ca\/noticies\/butlleti-noticies-octubre-17\/","og_site_name":"Cl\u00ednica Dental Padr\u00f3s","article_publisher":"http:\/\/www.facebook.com\/clinicapadros","article_published_time":"2017-10-16T10:51:41+00:00","article_modified_time":"2024-05-17T12:25:22+00:00","og_image":[{"width":881,"height":724,"url":"https:\/\/clinicapadros.com\/wp-content\/uploads\/2017\/10\/imagen-newsletter-octubre-17-3.jpg","type":"image\/jpeg"}],"author":"Jos\u00e9 Luis Padr\u00f3s","twitter_card":"summary_large_image","twitter_creator":"@clinicapadros","twitter_site":"@clinicapadros","twitter_misc":{"Written by":"Jos\u00e9 Luis Padr\u00f3s","Est. reading time":"5 minutes"},"schema":{"@context":"https:\/\/schema.org","@graph":[{"@type":"Article","@id":"https:\/\/clinicapadros.com\/ca\/noticies\/butlleti-noticies-octubre-17\/#article","isPartOf":{"@id":"https:\/\/clinicapadros.com\/ca\/noticies\/butlleti-noticies-octubre-17\/"},"author":{"name":"Jos\u00e9 Luis Padr\u00f3s","@id":"https:\/\/clinicapadros.com\/ca\/#\/schema\/person\/1f1727592203e6c6127e0b61bc295430"},"headline":"Butllet\u00ed de noticies Octubre 17","datePublished":"2017-10-16T10:51:41+00:00","dateModified":"2024-05-17T12:25:22+00:00","mainEntityOfPage":{"@id":"https:\/\/clinicapadros.com\/ca\/noticies\/butlleti-noticies-octubre-17\/"},"wordCount":844,"commentCount":0,"publisher":{"@id":"https:\/\/clinicapadros.com\/ca\/#organization"},"image":{"@id":"https:\/\/clinicapadros.com\/ca\/noticies\/butlleti-noticies-octubre-17\/#primaryimage"},"thumbnailUrl":"https:\/\/clinicapadros.com\/wp-content\/uploads\/2017\/10\/imagen-newsletter-octubre-17-3.jpg","articleSection":["Blog"],"inLanguage":"ca-ES","potentialAction":[{"@type":"CommentAction","name":"Comment","target":["https:\/\/clinicapadros.com\/ca\/noticies\/butlleti-noticies-octubre-17\/#respond"]}]},{"@type":"WebPage","@id":"https:\/\/clinicapadros.com\/ca\/noticies\/butlleti-noticies-octubre-17\/","url":"https:\/\/clinicapadros.com\/ca\/noticies\/butlleti-noticies-octubre-17\/","name":"Butllet\u00ed de noticies Octubre 17 - Cl\u00ednica Dental Padr\u00f3s","isPartOf":{"@id":"https:\/\/clinicapadros.com\/ca\/#website"},"primaryImageOfPage":{"@id":"https:\/\/clinicapadros.com\/ca\/noticies\/butlleti-noticies-octubre-17\/#primaryimage"},"image":{"@id":"https:\/\/clinicapadros.com\/ca\/noticies\/butlleti-noticies-octubre-17\/#primaryimage"},"thumbnailUrl":"https:\/\/clinicapadros.com\/wp-content\/uploads\/2017\/10\/imagen-newsletter-octubre-17-3.jpg","datePublished":"2017-10-16T10:51:41+00:00","dateModified":"2024-05-17T12:25:22+00:00","description":"Butllet\u00ed de not\u00edcies de Cl\u00ednica Padr\u00f3s, octubre de 2017: \u00daltimes novetats i tractaments dentals innovadors per a una millor salut bucal.","breadcrumb":{"@id":"https:\/\/clinicapadros.com\/ca\/noticies\/butlleti-noticies-octubre-17\/#breadcrumb"},"inLanguage":"ca-ES","potentialAction":[{"@type":"ReadAction","target":["https:\/\/clinicapadros.com\/ca\/noticies\/butlleti-noticies-octubre-17\/"]}]},{"@type":"ImageObject","inLanguage":"ca-ES","@id":"https:\/\/clinicapadros.com\/ca\/noticies\/butlleti-noticies-octubre-17\/#primaryimage","url":"https:\/\/clinicapadros.com\/wp-content\/uploads\/2017\/10\/imagen-newsletter-octubre-17-3.jpg","contentUrl":"https:\/\/clinicapadros.com\/wp-content\/uploads\/2017\/10\/imagen-newsletter-octubre-17-3.jpg","width":881,"height":724,"caption":"Imatge newsletter octubre 17"},{"@type":"BreadcrumbList","@id":"https:\/\/clinicapadros.com\/ca\/noticies\/butlleti-noticies-octubre-17\/#breadcrumb","itemListElement":[{"@type":"ListItem","position":1,"name":"Home","item":"https:\/\/clinicapadros.com\/ca\/"},{"@type":"ListItem","position":2,"name":"Blog","item":"https:\/\/clinicapadros.com\/ca\/noticies\/"},{"@type":"ListItem","position":3,"name":"Butllet\u00ed de noticies Octubre 17"}]},{"@type":"WebSite","@id":"https:\/\/clinicapadros.com\/ca\/#website","url":"https:\/\/clinicapadros.com\/ca\/","name":"Cl\u00ednica Dental Padr\u00f3s","description":"Buen dentista en Barcelona","publisher":{"@id":"https:\/\/clinicapadros.com\/ca\/#organization"},"potentialAction":[{"@type":"SearchAction","target":{"@type":"EntryPoint","urlTemplate":"https:\/\/clinicapadros.com\/ca\/?s={search_term_string}"},"query-input":{"@type":"PropertyValueSpecification","valueRequired":true,"valueName":"search_term_string"}}],"inLanguage":"ca-ES"},{"@type":"Organization","@id":"https:\/\/clinicapadros.com\/ca\/#organization","name":"Cl\u00ednica Dental Padr\u00f3s","url":"https:\/\/clinicapadros.com\/ca\/","logo":{"@type":"ImageObject","inLanguage":"ca-ES","@id":"https:\/\/clinicapadros.com\/ca\/#\/schema\/logo\/image\/","url":"https:\/\/clinicapadros.com\/wp-content\/uploads\/2017\/04\/logo-clinica-dental-padros.jpg","contentUrl":"https:\/\/clinicapadros.com\/wp-content\/uploads\/2017\/04\/logo-clinica-dental-padros.jpg","width":365,"height":80,"caption":"Cl\u00ednica Dental Padr\u00f3s"},"image":{"@id":"https:\/\/clinicapadros.com\/ca\/#\/schema\/logo\/image\/"},"sameAs":["http:\/\/www.facebook.com\/clinicapadros","https:\/\/x.com\/clinicapadros","https:\/\/instagram.com\/clinicapadros","https:\/\/es.pinterest.com\/clinicapadros\/","https:\/\/www.youtube.com\/clinicapadros"]},{"@type":"Person","@id":"https:\/\/clinicapadros.com\/ca\/#\/schema\/person\/1f1727592203e6c6127e0b61bc295430","name":"Jos\u00e9 Luis Padr\u00f3s","image":{"@type":"ImageObject","inLanguage":"ca-ES","@id":"https:\/\/secure.gravatar.com\/avatar\/a2319c1e449b5f5fdf77b7bf98fc41f27e362e19958dbf0d56fe90d07a7145f7?s=96&d=mm&r=g","url":"https:\/\/secure.gravatar.com\/avatar\/a2319c1e449b5f5fdf77b7bf98fc41f27e362e19958dbf0d56fe90d07a7145f7?s=96&d=mm&r=g","contentUrl":"https:\/\/secure.gravatar.com\/avatar\/a2319c1e449b5f5fdf77b7bf98fc41f27e362e19958dbf0d56fe90d07a7145f7?s=96&d=mm&r=g","caption":"Jos\u00e9 Luis Padr\u00f3s"}}]}},"_links":{"self":[{"href":"https:\/\/clinicapadros.com\/ca\/wp-json\/wp\/v2\/posts\/4052","targetHints":{"allow":["GET"]}}],"collection":[{"href":"https:\/\/clinicapadros.com\/ca\/wp-json\/wp\/v2\/posts"}],"about":[{"href":"https:\/\/clinicapadros.com\/ca\/wp-json\/wp\/v2\/types\/post"}],"author":[{"embeddable":true,"href":"https:\/\/clinicapadros.com\/ca\/wp-json\/wp\/v2\/users\/7"}],"replies":[{"embeddable":true,"href":"https:\/\/clinicapadros.com\/ca\/wp-json\/wp\/v2\/comments?post=4052"}],"version-history":[{"count":15,"href":"https:\/\/clinicapadros.com\/ca\/wp-json\/wp\/v2\/posts\/4052\/revisions"}],"predecessor-version":[{"id":17400,"href":"https:\/\/clinicapadros.com\/ca\/wp-json\/wp\/v2\/posts\/4052\/revisions\/17400"}],"wp:featuredmedia":[{"embeddable":true,"href":"https:\/\/clinicapadros.com\/ca\/wp-json\/wp\/v2\/media\/4041"}],"wp:attachment":[{"href":"https:\/\/clinicapadros.com\/ca\/wp-json\/wp\/v2\/media?parent=4052"}],"wp:term":[{"taxonomy":"category","embeddable":true,"href":"https:\/\/clinicapadros.com\/ca\/wp-json\/wp\/v2\/categories?post=4052"},{"taxonomy":"post_tag","embeddable":true,"href":"https:\/\/clinicapadros.com\/ca\/wp-json\/wp\/v2\/tags?post=4052"}],"curies":[{"name":"wp","href":"https:\/\/api.w.org\/{rel}","templated":true}]}}