{"id":3015,"date":"2017-07-12T13:23:52","date_gmt":"2017-07-12T11:23:52","guid":{"rendered":"http:\/\/clinicapadros.barcelona\/?p=3015"},"modified":"2024-05-17T15:37:42","modified_gmt":"2024-05-17T13:37:42","slug":"video-visita-al-dentista-cop-lany","status":"publish","type":"post","link":"https:\/\/clinicapadros.com\/ca\/noticies\/video-visita-al-dentista-cop-lany\/","title":{"rendered":"V\u00eddeo: visita al teu dentista un cop l&#8217;any"},"content":{"rendered":"<div id=\"pl-3015\"  class=\"panel-layout\" >\n<div id=\"pg-3015-0\"  class=\"panel-grid panel-no-style\" >\n<div id=\"pgc-3015-0-0\"  class=\"panel-grid-cell\"  data-weight=\"1\" >\n<div id=\"panel-3015-0-0-0\" class=\"so-panel widget widget_sow-image panel-first-child\" data-index=\"0\" data-style=\"{&quot;padding&quot;:&quot;5px 5px 5px 5px&quot;,&quot;mobile_padding&quot;:&quot;5px 5px 5px 5px&quot;,&quot;background_display&quot;:&quot;tile&quot;}\" >\n<div class=\"panel-widget-style panel-widget-style-for-3015-0-0-0\" >[siteorigin_widget class=&#8221;SiteOrigin_Widget_Image_Widget&#8221;]<input type=\"hidden\" value=\"{&quot;instance&quot;:{&quot;image&quot;:3011,&quot;image_fallback&quot;:&quot;&quot;,&quot;size&quot;:&quot;full&quot;,&quot;align&quot;:&quot;center&quot;,&quot;title&quot;:&quot;Video COEC visita el teu dentista una vegada l&#039;any&quot;,&quot;title_position&quot;:&quot;hidden&quot;,&quot;alt&quot;:&quot;Video COEC visita el teu dentista una vegada l&#039;any&quot;,&quot;url&quot;:&quot;&quot;,&quot;bound&quot;:true,&quot;_sow_form_id&quot;:&quot;59660689eb5cd&quot;,&quot;_sow_form_timestamp&quot;:&quot;1499858645300&quot;,&quot;new_window&quot;:false,&quot;full_width&quot;:false,&quot;so_sidebar_emulator_id&quot;:&quot;sow-image-301510000&quot;,&quot;option_name&quot;:&quot;widget_sow-image&quot;},&quot;args&quot;:{&quot;before_widget&quot;:&quot;&lt;div id=\\&quot;panel-3015-0-0-0\\&quot; class=\\&quot;so-panel widget widget_sow-image panel-first-child\\&quot; data-index=\\&quot;0\\&quot; data-style=\\&quot;{&amp;quot;padding&amp;quot;:&amp;quot;5px 5px 5px 5px&amp;quot;,&amp;quot;mobile_padding&amp;quot;:&amp;quot;5px 5px 5px 5px&amp;quot;,&amp;quot;background_display&amp;quot;:&amp;quot;tile&amp;quot;}\\&quot; &gt;&lt;div class=\\&quot;panel-widget-style panel-widget-style-for-3015-0-0-0\\&quot; &gt;&quot;,&quot;after_widget&quot;:&quot;&lt;\\\/div&gt;&lt;\\\/div&gt;&quot;,&quot;before_title&quot;:&quot;&lt;h3 class=\\&quot;widget-title\\&quot;&gt;&quot;,&quot;after_title&quot;:&quot;&lt;\\\/h3&gt;&quot;,&quot;widget_id&quot;:&quot;widget-0-0-0&quot;}}\" \/>[\/siteorigin_widget]<\/div>\n<\/div>\n<div id=\"panel-3015-0-0-1\" class=\"so-panel widget widget_sow-editor\" data-index=\"1\" data-style=\"{&quot;background_display&quot;:&quot;tile&quot;}\" >\n<div\n\t\t\t\n\t\t\tclass=\"so-widget-sow-editor so-widget-sow-editor-base\"\n\t\t\t\n\t\t><\/p>\n<div class=\"siteorigin-widget-tinymce textwidget\">\n<p>El col\u00b7legi d\u2019odont\u00f2legs i estomat\u00f2legs de Catalunya (COEC) ha gravat un v\u00eddeo per conscienciar la poblaci\u00f3 de fer una visita al dentista com a m\u00ednim un cop l\u2019any.<\/p>\n<p>Segons una enquesta realitzada pel Departament de Salut de Catalunya, durant l\u2019\u00faltim any (2016) nom\u00e9s un 48% dels ciutadans havia realitzat una visita al seu dentista. Per\u00f2 \u00e9s m\u00e9s, desglossant els resultats per franges d\u2019edat, obtenim els mateixos resultats. Per tant, la manca de conscienciaci\u00f3 no \u00e9s exclusiva a cap franja d\u2019edat.<\/p>\n<p>Al v\u00eddeo hi participen el compositor, director musical i int\u00e8rpret catal\u00e0 Manu Guix, la guanyadora del concurs culinari Master Chef Junior 2017 Paula Al\u00f2s, la cuinera Ada Parellada i la periodista Elisenda Camps.<\/p>\n<p>Aquesta iniciativa \u00e9s una forma original i divertida d\u2019intentar arribar a la consci\u00e8ncia de la gent i, sobretot, dels m\u00e9s petits de la casa.<\/p>\n<\/div>\n<\/div>\n<\/div>\n<div id=\"panel-3015-0-0-2\" class=\"so-panel widget widget_sow-icon\" data-index=\"2\" data-style=\"{&quot;widget_css&quot;:&quot;border-bottom: 2px solid #26387a&quot;,&quot;background_display&quot;:&quot;tile&quot;}\" >\n<div class=\"panel-widget-style panel-widget-style-for-3015-0-0-2\" >[siteorigin_widget class=&#8221;SiteOrigin_Widget_Icon_Widget&#8221;]<input type=\"hidden\" value=\"{&quot;instance&quot;:{&quot;icon&quot;:&quot;fontawesome-video-camera&quot;,&quot;color&quot;:&quot;#26387a&quot;,&quot;size&quot;:&quot;30px&quot;,&quot;size_unit&quot;:&quot;px&quot;,&quot;alignment&quot;:&quot;center&quot;,&quot;url&quot;:&quot;&quot;,&quot;_sow_form_id&quot;:&quot;596606e68c482&quot;,&quot;_sow_form_timestamp&quot;:&quot;1499858678224&quot;,&quot;new_window&quot;:false,&quot;so_sidebar_emulator_id&quot;:&quot;sow-icon-301510002&quot;,&quot;option_name&quot;:&quot;widget_sow-icon&quot;},&quot;args&quot;:{&quot;before_widget&quot;:&quot;&lt;div id=\\&quot;panel-3015-0-0-2\\&quot; class=\\&quot;so-panel widget widget_sow-icon\\&quot; data-index=\\&quot;2\\&quot; data-style=\\&quot;{&amp;quot;widget_css&amp;quot;:&amp;quot;border-bottom: 2px solid #26387a&amp;quot;,&amp;quot;background_display&amp;quot;:&amp;quot;tile&amp;quot;}\\&quot; &gt;&lt;div class=\\&quot;panel-widget-style panel-widget-style-for-3015-0-0-2\\&quot; &gt;&quot;,&quot;after_widget&quot;:&quot;&lt;\\\/div&gt;&lt;\\\/div&gt;&quot;,&quot;before_title&quot;:&quot;&lt;h3 class=\\&quot;widget-title\\&quot;&gt;&quot;,&quot;after_title&quot;:&quot;&lt;\\\/h3&gt;&quot;,&quot;widget_id&quot;:&quot;widget-0-0-2&quot;}}\" \/>[\/siteorigin_widget]<\/div>\n<\/div>\n<div id=\"panel-3015-0-0-3\" class=\"so-panel widget widget_sow-editor panel-last-child\" data-index=\"3\" data-style=\"{&quot;background_display&quot;:&quot;tile&quot;}\" >\n<div\n\t\t\t\n\t\t\tclass=\"so-widget-sow-editor so-widget-sow-editor-base\"\n\t\t\t\n\t\t><\/p>\n<div class=\"siteorigin-widget-tinymce textwidget\">\n<figure class=\"wp-block-embed wp-block-embed-youtube is-type-video is-provider-youtube epyt-figure\"><div class=\"wp-block-embed__wrapper\"><div class=\"epyt-video-wrapper\"><iframe  id=\"_ytid_97144\"  width=\"1200\" height=\"675\"  data-origwidth=\"1200\" data-origheight=\"675\"  data-relstop=\"1\" src=\"https:\/\/www.youtube.com\/embed\/YXBJAe0YJ8I?enablejsapi=1&autoplay=0&cc_load_policy=0&cc_lang_pref=&iv_load_policy=3&loop=0&rel=0&fs=1&playsinline=0&autohide=2&hl=ca_ES&theme=dark&color=red&controls=1&disablekb=0&\" class=\"__youtube_prefs__  no-lazyload\" title=\"YouTube player\"  allow=\"fullscreen; accelerometer; autoplay; clipboard-write; encrypted-media; gyroscope; picture-in-picture; web-share\" referrerpolicy=\"strict-origin-when-cross-origin\" allowfullscreen data-no-lazy=\"1\" data-skipgform_ajax_framebjll=\"\"><\/iframe><\/div><\/div><\/figure>\n<\/div>\n<\/div>\n<\/div>\n<\/div>\n<\/div>\n<\/div>\n","protected":false},"excerpt":{"rendered":"<p>[siteorigin_widget class=&#8221;SiteOrigin_Widget_Image_Widget&#8221;][\/siteorigin_widget] El col\u00b7legi d\u2019odont\u00f2legs i estomat\u00f2legs de Catalunya (COEC) ha gravat un v\u00eddeo per conscienciar la poblaci\u00f3 de fer una visita al dentista com a m\u00ednim un cop l\u2019any. Segons una enquesta realitzada pel Departament de Salut de Catalunya, durant l\u2019\u00faltim any (2016) nom\u00e9s un 48% dels ciutadans havia realitzat una visita al seu &#8230; <a title=\"V\u00eddeo: visita al teu dentista un cop l&#8217;any\" class=\"read-more\" href=\"https:\/\/clinicapadros.com\/ca\/noticies\/video-visita-al-dentista-cop-lany\/\" aria-label=\"Read more about V\u00eddeo: visita al teu dentista un cop l&#8217;any\">Read more<\/a><\/p>\n","protected":false},"author":7,"featured_media":3011,"comment_status":"open","ping_status":"closed","sticky":false,"template":"","format":"standard","meta":{"footnotes":""},"categories":[4],"tags":[],"class_list":["post-3015","post","type-post","status-publish","format-standard","has-post-thumbnail","hentry","category-noticies"],"yoast_head":"<!-- This site is optimized with the Yoast SEO Premium plugin v21.5 (Yoast SEO v27.3) - https:\/\/yoast.com\/product\/yoast-seo-premium-wordpress\/ -->\n<title>V\u00eddeo: visita al teu dentista un cop l&#039;any - Cl\u00ednica Dental Padr\u00f3s<\/title>\n<meta name=\"description\" content=\"V\u00eddeo visita al dentista cop l&#039;any a Cl\u00ednica Padr\u00f3s: Descobreix com mantenir una salut dental \u00f2ptima amb visites regulars i tractaments personalitzats.\" \/>\n<meta name=\"robots\" content=\"index, follow, max-snippet:-1, max-image-preview:large, max-video-preview:-1\" \/>\n<link rel=\"canonical\" href=\"https:\/\/clinicapadros.com\/ca\/noticies\/video-visita-al-dentista-cop-lany\/\" \/>\n<meta property=\"og:locale\" content=\"ca_ES\" \/>\n<meta property=\"og:type\" content=\"article\" \/>\n<meta property=\"og:title\" content=\"V\u00eddeo: visita al teu dentista un cop l&#039;any\" \/>\n<meta property=\"og:description\" content=\"V\u00eddeo visita al dentista cop l&#039;any a Cl\u00ednica Padr\u00f3s: Descobreix com mantenir una salut dental \u00f2ptima amb visites regulars i tractaments personalitzats.\" \/>\n<meta property=\"og:url\" content=\"https:\/\/clinicapadros.com\/ca\/noticies\/video-visita-al-dentista-cop-lany\/\" \/>\n<meta property=\"og:site_name\" content=\"Cl\u00ednica Dental Padr\u00f3s\" \/>\n<meta property=\"article:publisher\" content=\"http:\/\/www.facebook.com\/clinicapadros\" \/>\n<meta property=\"article:published_time\" content=\"2017-07-12T11:23:52+00:00\" \/>\n<meta property=\"article:modified_time\" content=\"2024-05-17T13:37:42+00:00\" \/>\n<meta property=\"og:image\" content=\"https:\/\/clinicapadros.com\/wp-content\/uploads\/2017\/07\/video-COEC.jpg\" \/>\n\t<meta property=\"og:image:width\" content=\"1500\" \/>\n\t<meta property=\"og:image:height\" content=\"555\" \/>\n\t<meta property=\"og:image:type\" content=\"image\/jpeg\" \/>\n<meta name=\"author\" content=\"Jos\u00e9 Luis Padr\u00f3s\" \/>\n<meta name=\"twitter:card\" content=\"summary_large_image\" \/>\n<meta name=\"twitter:creator\" content=\"@clinicapadros\" \/>\n<meta name=\"twitter:site\" content=\"@clinicapadros\" \/>\n<meta name=\"twitter:label1\" content=\"Written by\" \/>\n\t<meta name=\"twitter:data1\" content=\"Jos\u00e9 Luis Padr\u00f3s\" \/>\n\t<meta name=\"twitter:label2\" content=\"Est. reading time\" \/>\n\t<meta name=\"twitter:data2\" content=\"2 minutes\" \/>\n<script type=\"application\/ld+json\" class=\"yoast-schema-graph\">{\"@context\":\"https:\\\/\\\/schema.org\",\"@graph\":[{\"@type\":\"Article\",\"@id\":\"https:\\\/\\\/clinicapadros.com\\\/ca\\\/noticies\\\/video-visita-al-dentista-cop-lany\\\/#article\",\"isPartOf\":{\"@id\":\"https:\\\/\\\/clinicapadros.com\\\/ca\\\/noticies\\\/video-visita-al-dentista-cop-lany\\\/\"},\"author\":{\"name\":\"Jos\u00e9 Luis Padr\u00f3s\",\"@id\":\"https:\\\/\\\/clinicapadros.com\\\/ca\\\/#\\\/schema\\\/person\\\/1f1727592203e6c6127e0b61bc295430\"},\"headline\":\"V\u00eddeo: visita al teu dentista un cop l&#8217;any\",\"datePublished\":\"2017-07-12T11:23:52+00:00\",\"dateModified\":\"2024-05-17T13:37:42+00:00\",\"mainEntityOfPage\":{\"@id\":\"https:\\\/\\\/clinicapadros.com\\\/ca\\\/noticies\\\/video-visita-al-dentista-cop-lany\\\/\"},\"wordCount\":191,\"commentCount\":0,\"publisher\":{\"@id\":\"https:\\\/\\\/clinicapadros.com\\\/ca\\\/#organization\"},\"image\":{\"@id\":\"https:\\\/\\\/clinicapadros.com\\\/ca\\\/noticies\\\/video-visita-al-dentista-cop-lany\\\/#primaryimage\"},\"thumbnailUrl\":\"https:\\\/\\\/clinicapadros.com\\\/wp-content\\\/uploads\\\/2017\\\/07\\\/video-COEC.jpg\",\"articleSection\":[\"Blog\"],\"inLanguage\":\"ca-ES\",\"potentialAction\":[{\"@type\":\"CommentAction\",\"name\":\"Comment\",\"target\":[\"https:\\\/\\\/clinicapadros.com\\\/ca\\\/noticies\\\/video-visita-al-dentista-cop-lany\\\/#respond\"]}]},{\"@type\":\"WebPage\",\"@id\":\"https:\\\/\\\/clinicapadros.com\\\/ca\\\/noticies\\\/video-visita-al-dentista-cop-lany\\\/\",\"url\":\"https:\\\/\\\/clinicapadros.com\\\/ca\\\/noticies\\\/video-visita-al-dentista-cop-lany\\\/\",\"name\":\"V\u00eddeo: visita al teu dentista un cop l'any - Cl\u00ednica Dental Padr\u00f3s\",\"isPartOf\":{\"@id\":\"https:\\\/\\\/clinicapadros.com\\\/ca\\\/#website\"},\"primaryImageOfPage\":{\"@id\":\"https:\\\/\\\/clinicapadros.com\\\/ca\\\/noticies\\\/video-visita-al-dentista-cop-lany\\\/#primaryimage\"},\"image\":{\"@id\":\"https:\\\/\\\/clinicapadros.com\\\/ca\\\/noticies\\\/video-visita-al-dentista-cop-lany\\\/#primaryimage\"},\"thumbnailUrl\":\"https:\\\/\\\/clinicapadros.com\\\/wp-content\\\/uploads\\\/2017\\\/07\\\/video-COEC.jpg\",\"datePublished\":\"2017-07-12T11:23:52+00:00\",\"dateModified\":\"2024-05-17T13:37:42+00:00\",\"description\":\"V\u00eddeo visita al dentista cop l'any a Cl\u00ednica Padr\u00f3s: Descobreix com mantenir una salut dental \u00f2ptima amb visites regulars i tractaments personalitzats.\",\"breadcrumb\":{\"@id\":\"https:\\\/\\\/clinicapadros.com\\\/ca\\\/noticies\\\/video-visita-al-dentista-cop-lany\\\/#breadcrumb\"},\"inLanguage\":\"ca-ES\",\"potentialAction\":[{\"@type\":\"ReadAction\",\"target\":[\"https:\\\/\\\/clinicapadros.com\\\/ca\\\/noticies\\\/video-visita-al-dentista-cop-lany\\\/\"]}]},{\"@type\":\"ImageObject\",\"inLanguage\":\"ca-ES\",\"@id\":\"https:\\\/\\\/clinicapadros.com\\\/ca\\\/noticies\\\/video-visita-al-dentista-cop-lany\\\/#primaryimage\",\"url\":\"https:\\\/\\\/clinicapadros.com\\\/wp-content\\\/uploads\\\/2017\\\/07\\\/video-COEC.jpg\",\"contentUrl\":\"https:\\\/\\\/clinicapadros.com\\\/wp-content\\\/uploads\\\/2017\\\/07\\\/video-COEC.jpg\",\"width\":1500,\"height\":555,\"caption\":\"Video COEC visita el teu dentista una vegada l'any\"},{\"@type\":\"BreadcrumbList\",\"@id\":\"https:\\\/\\\/clinicapadros.com\\\/ca\\\/noticies\\\/video-visita-al-dentista-cop-lany\\\/#breadcrumb\",\"itemListElement\":[{\"@type\":\"ListItem\",\"position\":1,\"name\":\"Home\",\"item\":\"https:\\\/\\\/clinicapadros.com\\\/ca\\\/\"},{\"@type\":\"ListItem\",\"position\":2,\"name\":\"Blog\",\"item\":\"https:\\\/\\\/clinicapadros.com\\\/ca\\\/noticies\\\/\"},{\"@type\":\"ListItem\",\"position\":3,\"name\":\"V\u00eddeo: visita al teu dentista un cop l&#8217;any\"}]},{\"@type\":\"WebSite\",\"@id\":\"https:\\\/\\\/clinicapadros.com\\\/ca\\\/#website\",\"url\":\"https:\\\/\\\/clinicapadros.com\\\/ca\\\/\",\"name\":\"Cl\u00ednica Dental Padr\u00f3s\",\"description\":\"Buen dentista en Barcelona\",\"publisher\":{\"@id\":\"https:\\\/\\\/clinicapadros.com\\\/ca\\\/#organization\"},\"potentialAction\":[{\"@type\":\"SearchAction\",\"target\":{\"@type\":\"EntryPoint\",\"urlTemplate\":\"https:\\\/\\\/clinicapadros.com\\\/ca\\\/?s={search_term_string}\"},\"query-input\":{\"@type\":\"PropertyValueSpecification\",\"valueRequired\":true,\"valueName\":\"search_term_string\"}}],\"inLanguage\":\"ca-ES\"},{\"@type\":\"Organization\",\"@id\":\"https:\\\/\\\/clinicapadros.com\\\/ca\\\/#organization\",\"name\":\"Cl\u00ednica Dental Padr\u00f3s\",\"url\":\"https:\\\/\\\/clinicapadros.com\\\/ca\\\/\",\"logo\":{\"@type\":\"ImageObject\",\"inLanguage\":\"ca-ES\",\"@id\":\"https:\\\/\\\/clinicapadros.com\\\/ca\\\/#\\\/schema\\\/logo\\\/image\\\/\",\"url\":\"https:\\\/\\\/clinicapadros.com\\\/wp-content\\\/uploads\\\/2017\\\/04\\\/logo-clinica-dental-padros.jpg\",\"contentUrl\":\"https:\\\/\\\/clinicapadros.com\\\/wp-content\\\/uploads\\\/2017\\\/04\\\/logo-clinica-dental-padros.jpg\",\"width\":365,\"height\":80,\"caption\":\"Cl\u00ednica Dental Padr\u00f3s\"},\"image\":{\"@id\":\"https:\\\/\\\/clinicapadros.com\\\/ca\\\/#\\\/schema\\\/logo\\\/image\\\/\"},\"sameAs\":[\"http:\\\/\\\/www.facebook.com\\\/clinicapadros\",\"https:\\\/\\\/x.com\\\/clinicapadros\",\"https:\\\/\\\/instagram.com\\\/clinicapadros\",\"https:\\\/\\\/es.pinterest.com\\\/clinicapadros\\\/\",\"https:\\\/\\\/www.youtube.com\\\/clinicapadros\"]},{\"@type\":\"Person\",\"@id\":\"https:\\\/\\\/clinicapadros.com\\\/ca\\\/#\\\/schema\\\/person\\\/1f1727592203e6c6127e0b61bc295430\",\"name\":\"Jos\u00e9 Luis Padr\u00f3s\",\"image\":{\"@type\":\"ImageObject\",\"inLanguage\":\"ca-ES\",\"@id\":\"https:\\\/\\\/secure.gravatar.com\\\/avatar\\\/a2319c1e449b5f5fdf77b7bf98fc41f27e362e19958dbf0d56fe90d07a7145f7?s=96&d=mm&r=g\",\"url\":\"https:\\\/\\\/secure.gravatar.com\\\/avatar\\\/a2319c1e449b5f5fdf77b7bf98fc41f27e362e19958dbf0d56fe90d07a7145f7?s=96&d=mm&r=g\",\"contentUrl\":\"https:\\\/\\\/secure.gravatar.com\\\/avatar\\\/a2319c1e449b5f5fdf77b7bf98fc41f27e362e19958dbf0d56fe90d07a7145f7?s=96&d=mm&r=g\",\"caption\":\"Jos\u00e9 Luis Padr\u00f3s\"}}]}<\/script>\n<!-- \/ Yoast SEO Premium plugin. -->","yoast_head_json":{"title":"V\u00eddeo: visita al teu dentista un cop l'any - Cl\u00ednica Dental Padr\u00f3s","description":"V\u00eddeo visita al dentista cop l'any a Cl\u00ednica Padr\u00f3s: Descobreix com mantenir una salut dental \u00f2ptima amb visites regulars i tractaments personalitzats.","robots":{"index":"index","follow":"follow","max-snippet":"max-snippet:-1","max-image-preview":"max-image-preview:large","max-video-preview":"max-video-preview:-1"},"canonical":"https:\/\/clinicapadros.com\/ca\/noticies\/video-visita-al-dentista-cop-lany\/","og_locale":"ca_ES","og_type":"article","og_title":"V\u00eddeo: visita al teu dentista un cop l'any","og_description":"V\u00eddeo visita al dentista cop l'any a Cl\u00ednica Padr\u00f3s: Descobreix com mantenir una salut dental \u00f2ptima amb visites regulars i tractaments personalitzats.","og_url":"https:\/\/clinicapadros.com\/ca\/noticies\/video-visita-al-dentista-cop-lany\/","og_site_name":"Cl\u00ednica Dental Padr\u00f3s","article_publisher":"http:\/\/www.facebook.com\/clinicapadros","article_published_time":"2017-07-12T11:23:52+00:00","article_modified_time":"2024-05-17T13:37:42+00:00","og_image":[{"width":1500,"height":555,"url":"https:\/\/clinicapadros.com\/wp-content\/uploads\/2017\/07\/video-COEC.jpg","type":"image\/jpeg"}],"author":"Jos\u00e9 Luis Padr\u00f3s","twitter_card":"summary_large_image","twitter_creator":"@clinicapadros","twitter_site":"@clinicapadros","twitter_misc":{"Written by":"Jos\u00e9 Luis Padr\u00f3s","Est. reading time":"2 minutes"},"schema":{"@context":"https:\/\/schema.org","@graph":[{"@type":"Article","@id":"https:\/\/clinicapadros.com\/ca\/noticies\/video-visita-al-dentista-cop-lany\/#article","isPartOf":{"@id":"https:\/\/clinicapadros.com\/ca\/noticies\/video-visita-al-dentista-cop-lany\/"},"author":{"name":"Jos\u00e9 Luis Padr\u00f3s","@id":"https:\/\/clinicapadros.com\/ca\/#\/schema\/person\/1f1727592203e6c6127e0b61bc295430"},"headline":"V\u00eddeo: visita al teu dentista un cop l&#8217;any","datePublished":"2017-07-12T11:23:52+00:00","dateModified":"2024-05-17T13:37:42+00:00","mainEntityOfPage":{"@id":"https:\/\/clinicapadros.com\/ca\/noticies\/video-visita-al-dentista-cop-lany\/"},"wordCount":191,"commentCount":0,"publisher":{"@id":"https:\/\/clinicapadros.com\/ca\/#organization"},"image":{"@id":"https:\/\/clinicapadros.com\/ca\/noticies\/video-visita-al-dentista-cop-lany\/#primaryimage"},"thumbnailUrl":"https:\/\/clinicapadros.com\/wp-content\/uploads\/2017\/07\/video-COEC.jpg","articleSection":["Blog"],"inLanguage":"ca-ES","potentialAction":[{"@type":"CommentAction","name":"Comment","target":["https:\/\/clinicapadros.com\/ca\/noticies\/video-visita-al-dentista-cop-lany\/#respond"]}]},{"@type":"WebPage","@id":"https:\/\/clinicapadros.com\/ca\/noticies\/video-visita-al-dentista-cop-lany\/","url":"https:\/\/clinicapadros.com\/ca\/noticies\/video-visita-al-dentista-cop-lany\/","name":"V\u00eddeo: visita al teu dentista un cop l'any - Cl\u00ednica Dental Padr\u00f3s","isPartOf":{"@id":"https:\/\/clinicapadros.com\/ca\/#website"},"primaryImageOfPage":{"@id":"https:\/\/clinicapadros.com\/ca\/noticies\/video-visita-al-dentista-cop-lany\/#primaryimage"},"image":{"@id":"https:\/\/clinicapadros.com\/ca\/noticies\/video-visita-al-dentista-cop-lany\/#primaryimage"},"thumbnailUrl":"https:\/\/clinicapadros.com\/wp-content\/uploads\/2017\/07\/video-COEC.jpg","datePublished":"2017-07-12T11:23:52+00:00","dateModified":"2024-05-17T13:37:42+00:00","description":"V\u00eddeo visita al dentista cop l'any a Cl\u00ednica Padr\u00f3s: Descobreix com mantenir una salut dental \u00f2ptima amb visites regulars i tractaments personalitzats.","breadcrumb":{"@id":"https:\/\/clinicapadros.com\/ca\/noticies\/video-visita-al-dentista-cop-lany\/#breadcrumb"},"inLanguage":"ca-ES","potentialAction":[{"@type":"ReadAction","target":["https:\/\/clinicapadros.com\/ca\/noticies\/video-visita-al-dentista-cop-lany\/"]}]},{"@type":"ImageObject","inLanguage":"ca-ES","@id":"https:\/\/clinicapadros.com\/ca\/noticies\/video-visita-al-dentista-cop-lany\/#primaryimage","url":"https:\/\/clinicapadros.com\/wp-content\/uploads\/2017\/07\/video-COEC.jpg","contentUrl":"https:\/\/clinicapadros.com\/wp-content\/uploads\/2017\/07\/video-COEC.jpg","width":1500,"height":555,"caption":"Video COEC visita el teu dentista una vegada l'any"},{"@type":"BreadcrumbList","@id":"https:\/\/clinicapadros.com\/ca\/noticies\/video-visita-al-dentista-cop-lany\/#breadcrumb","itemListElement":[{"@type":"ListItem","position":1,"name":"Home","item":"https:\/\/clinicapadros.com\/ca\/"},{"@type":"ListItem","position":2,"name":"Blog","item":"https:\/\/clinicapadros.com\/ca\/noticies\/"},{"@type":"ListItem","position":3,"name":"V\u00eddeo: visita al teu dentista un cop l&#8217;any"}]},{"@type":"WebSite","@id":"https:\/\/clinicapadros.com\/ca\/#website","url":"https:\/\/clinicapadros.com\/ca\/","name":"Cl\u00ednica Dental Padr\u00f3s","description":"Buen dentista en Barcelona","publisher":{"@id":"https:\/\/clinicapadros.com\/ca\/#organization"},"potentialAction":[{"@type":"SearchAction","target":{"@type":"EntryPoint","urlTemplate":"https:\/\/clinicapadros.com\/ca\/?s={search_term_string}"},"query-input":{"@type":"PropertyValueSpecification","valueRequired":true,"valueName":"search_term_string"}}],"inLanguage":"ca-ES"},{"@type":"Organization","@id":"https:\/\/clinicapadros.com\/ca\/#organization","name":"Cl\u00ednica Dental Padr\u00f3s","url":"https:\/\/clinicapadros.com\/ca\/","logo":{"@type":"ImageObject","inLanguage":"ca-ES","@id":"https:\/\/clinicapadros.com\/ca\/#\/schema\/logo\/image\/","url":"https:\/\/clinicapadros.com\/wp-content\/uploads\/2017\/04\/logo-clinica-dental-padros.jpg","contentUrl":"https:\/\/clinicapadros.com\/wp-content\/uploads\/2017\/04\/logo-clinica-dental-padros.jpg","width":365,"height":80,"caption":"Cl\u00ednica Dental Padr\u00f3s"},"image":{"@id":"https:\/\/clinicapadros.com\/ca\/#\/schema\/logo\/image\/"},"sameAs":["http:\/\/www.facebook.com\/clinicapadros","https:\/\/x.com\/clinicapadros","https:\/\/instagram.com\/clinicapadros","https:\/\/es.pinterest.com\/clinicapadros\/","https:\/\/www.youtube.com\/clinicapadros"]},{"@type":"Person","@id":"https:\/\/clinicapadros.com\/ca\/#\/schema\/person\/1f1727592203e6c6127e0b61bc295430","name":"Jos\u00e9 Luis Padr\u00f3s","image":{"@type":"ImageObject","inLanguage":"ca-ES","@id":"https:\/\/secure.gravatar.com\/avatar\/a2319c1e449b5f5fdf77b7bf98fc41f27e362e19958dbf0d56fe90d07a7145f7?s=96&d=mm&r=g","url":"https:\/\/secure.gravatar.com\/avatar\/a2319c1e449b5f5fdf77b7bf98fc41f27e362e19958dbf0d56fe90d07a7145f7?s=96&d=mm&r=g","contentUrl":"https:\/\/secure.gravatar.com\/avatar\/a2319c1e449b5f5fdf77b7bf98fc41f27e362e19958dbf0d56fe90d07a7145f7?s=96&d=mm&r=g","caption":"Jos\u00e9 Luis Padr\u00f3s"}}]}},"_links":{"self":[{"href":"https:\/\/clinicapadros.com\/ca\/wp-json\/wp\/v2\/posts\/3015","targetHints":{"allow":["GET"]}}],"collection":[{"href":"https:\/\/clinicapadros.com\/ca\/wp-json\/wp\/v2\/posts"}],"about":[{"href":"https:\/\/clinicapadros.com\/ca\/wp-json\/wp\/v2\/types\/post"}],"author":[{"embeddable":true,"href":"https:\/\/clinicapadros.com\/ca\/wp-json\/wp\/v2\/users\/7"}],"replies":[{"embeddable":true,"href":"https:\/\/clinicapadros.com\/ca\/wp-json\/wp\/v2\/comments?post=3015"}],"version-history":[{"count":7,"href":"https:\/\/clinicapadros.com\/ca\/wp-json\/wp\/v2\/posts\/3015\/revisions"}],"predecessor-version":[{"id":17468,"href":"https:\/\/clinicapadros.com\/ca\/wp-json\/wp\/v2\/posts\/3015\/revisions\/17468"}],"wp:featuredmedia":[{"embeddable":true,"href":"https:\/\/clinicapadros.com\/ca\/wp-json\/wp\/v2\/media\/3011"}],"wp:attachment":[{"href":"https:\/\/clinicapadros.com\/ca\/wp-json\/wp\/v2\/media?parent=3015"}],"wp:term":[{"taxonomy":"category","embeddable":true,"href":"https:\/\/clinicapadros.com\/ca\/wp-json\/wp\/v2\/categories?post=3015"},{"taxonomy":"post_tag","embeddable":true,"href":"https:\/\/clinicapadros.com\/ca\/wp-json\/wp\/v2\/tags?post=3015"}],"curies":[{"name":"wp","href":"https:\/\/api.w.org\/{rel}","templated":true}]}}